{"id":83,"date":"2021-11-23T12:00:26","date_gmt":"2021-11-23T11:00:26","guid":{"rendered":"https:\/\/imker.pl\/newsletter\/?p=83"},"modified":"2025-06-01T14:49:40","modified_gmt":"2025-06-01T12:49:40","slug":"jak-skutecznie-wykorzystac-swieta-zakupow-w-self-publishingu","status":"publish","type":"post","link":"https:\/\/imker.pl\/newsletter\/jak-skutecznie-wykorzystac-swieta-zakupow-w-self-publishingu\/","title":{"rendered":"Jak skutecznie wykorzysta\u0107 \u015bwi\u0119ta zakup\u00f3w w self-publishingu? \ud83c\udf84\ud83c\udf85"},"content":{"rendered":"\n<figure class=\"wp-block-image aligncenter\"><img loading=\"lazy\" decoding=\"async\" width=\"660\" height=\"440\" src=\"https:\/\/imker.pl\/newsletter\/wp-content\/uploads\/2021\/11\/newsletter-imker-41-2.png\" alt=\"\" class=\"wp-image-509\" srcset=\"https:\/\/imker.pl\/newsletter\/wp-content\/uploads\/2021\/11\/newsletter-imker-41-2.png 660w, https:\/\/imker.pl\/newsletter\/wp-content\/uploads\/2021\/11\/newsletter-imker-41-2-300x200.png 300w\" sizes=\"auto, (max-width: 660px) 100vw, 660px\" \/><\/figure>\n\n\n\n<p>Cze\u015b\u0107 !<\/p>\n\n\n\n<hr class=\"wp-block-separator has-alpha-channel-opacity\"\/>\n\n\n\n<p><strong>Black Friday, Cyber Monday, Dzie\u0144 Darmowej Dostawy 2021 \ud83d\udcc8<\/strong><\/p>\n\n\n\n<figure class=\"wp-block-image\"><img decoding=\"async\" src=\"https:\/\/content.app-us1.com\/90YXd\/2021\/11\/23\/0aee3e54-b0c4-4ffd-b0db-3744e9f89d6e.jpeg?r=2118968659\" alt=\"\"\/><\/figure>\n\n\n\n<p>Ostatni kwarta\u0142 roku kalendarzowego zawsze obfituje w emocjonuj\u0105ce wydarzenia zwi\u0105zane ze sprzeda\u017c\u0105 produkt\u00f3w w Internecie.<\/p>\n\n\n\n<p><strong>W ten pi\u0105tek odbywa si\u0119 Black Friday (26 listopada, a za nim bezpo\u015brednio idzie Cyber Monday (29 listopada 2020). Z kolei grudniu odbywa si\u0119 &#8222;nasz rodzimy&#8221; Dzie\u0144 Darmowej Dostawy (w tym roku 14 grudnia).<\/strong><\/p>\n\n\n\n<p>Sprzedawcy wykorzystuj\u0105 te magiczne daty do znacznego zwi\u0119kszenia przychod\u00f3w i oferuj\u0105 klientom niesamowite okazje, niedost\u0119pne w inne dni roku.<\/p>\n\n\n\n<p>W przypadku typowych sklep\u00f3w internetowych z setkami (je\u015bli nie tysi\u0105cami) produkt\u00f3w, &#8222;\u015bwi\u0119ta zakup\u00f3w&#8221; wydaj\u0105 si\u0119 do\u015b\u0107 \u0142atwe do ogarni\u0119cia, bo kierujemy potencjalnego kupuj\u0105cego do naszego katalogu z ofert\u0105.<\/p>\n\n\n\n<p>Inaczej jest w przypadku self-publishingu i sprzeda\u017cy jednego produktu (b\u0105d\u017a maksymalnie kilku) .<\/p>\n\n\n\n<p><strong>\u27a1\ufe0f Jak zatem podej\u015b\u0107 do Black Friday, Cyber Monday i Dnia Darmowej Dostawy, b\u0119d\u0105c jednocze\u015bnie sprzedawc\u0105 swojego produktu?<\/strong><\/p>\n\n\n\n<p><strong>\u27a1\ufe0f. Czy branie udzia\u0142u w tych akcjach w og\u00f3le ma sens z biznesowego punktu widzenia?<\/strong><\/p>\n\n\n\n<p><strong>\u27a1\ufe0f. A je\u017celi tak, to w kt\u00f3rych?<\/strong><\/p>\n\n\n\n<p><strong>\u27a1\ufe0f. I z jakim komunikatem wyj\u015b\u0107 do odbiorc\u00f3w, by si\u0119 przebi\u0107 w g\u0105szczu innych ofert pojawiaj\u0105cych si\u0119 dok\u0142adnie samego dnia?<\/strong><\/p>\n\n\n\n<p>W <a href=\"https:\/\/imker.pl\/blog\/black-friday-cyber-monday-dzien-darmowej-dostawy-selfpublishing\/\" target=\"_blank\" rel=\"noopener\" data-ac-default-color=\"1\">TYM poradniku<\/a>&nbsp; zebra\u0142em odpowiedzi na powy\u017csze pytania. Pochodz\u0105 one z moich obserwacji dzia\u0142a\u0144 self-publisher\u00f3w z ostatnich 5 lat i jestem przekonany, \u017ce pomog\u0105 Tobie w zwi\u0119kszeniu sprzeda\u017cy w tym roku.<\/p>\n\n\n\n<div class=\"wp-block-buttons is-content-justification-center is-layout-flex wp-container-core-buttons-is-layout-a89b3969 wp-block-buttons-is-layout-flex\">\n<div class=\"wp-block-button\"><a class=\"wp-block-button__link wp-element-button\" href=\"https:\/\/imker.pl\/blog\/black-friday-cyber-monday-dzien-darmowej-dostawy-selfpublishing\/\">Czytaj poradnik dla self-publishing \u00bb<\/a><\/div>\n<\/div>\n\n\n\n<p>(Poradnik by\u0142 opublikowany rok temu, ale jego zawarto\u015b\u0107 jest ci\u0105gle aktualna &#8211; nie ogl\u0105daj si\u0119 zatem na dat\u0119 samej publikacji :))<\/p>\n\n\n\n<hr class=\"wp-block-separator has-alpha-channel-opacity\"\/>\n\n\n\n<h2 class=\"wp-block-heading\">W \u015bwiecie Tw\u00f3rczy\u0144 i Tw\u00f3rc\u00f3w IMKER \u270d\ufe0f<\/h2>\n\n\n\n<figure class=\"wp-block-image\"><img decoding=\"async\" src=\"https:\/\/content.app-us1.com\/90YXd\/2021\/11\/23\/32c5b6df-4659-4946-b974-c68d25ee76a4.jpeg?r=326618621\" alt=\"\"\/><\/figure>\n\n\n\n<p>Ruszam z now\u0105 kolumn\u0105 (zak\u0142adam, nieregularn\u0105) na \u0142amach newslettera. B\u0119d\u0119 w niej przedstawia\u0142 ciekawe wydarzenia ze \u015bwiata Tw\u00f3rczy\u0144 \ud83d\udc69\u200d\ud83d\udcbb i Tw\u00f3rc\u00f3w wsp\u00f3\u0142pracuj\u0105cych \ud83d\udc68\u200d\ud83d\udcbb z <a href=\"https:\/\/imker.pl\/\" target=\"_blank\" rel=\"noopener\" data-ac-default-color=\"1\">IMKER<\/a>.<\/p>\n\n\n\n<p><strong>Zobaczysz jakie produkty wydaj\u0105, z jakich narz\u0119dzi korzystaj\u0105 &#8211; licz\u0119, \u017ce zapoznasz si\u0119 z tymi pomys\u0142ami i zainspiruj\u0105 Ci\u0119 to dzia\u0142ania!<\/strong><\/p>\n\n\n\n<p><strong>Zaczynamy!<\/strong><\/p>\n\n\n\n<ul class=\"wp-block-list\">\n<li><strong>Artur Kurasi\u0144ski<\/strong> wystartowa\u0142 z <a data-ac-default-color=\"1\" href=\"https:\/\/www.biznespodcast.com\/\" target=\"_blank\" rel=\"nofollow noopener\">BiznesPodcast.com<\/a>&#8211; seri\u0105 wywiad\u00f3w audio dotycz\u0105ca bran\u017cy internetowej &#8211; startup\u00f3w, VC, sprzeda\u017cy, rynku tw\u00f3rc\u00f3w, PR, tworzenia nowoczesnych produkt\u00f3w i wielu innych temat\u00f3w, kt\u00f3re powinien pozna\u0107 przedsi\u0119biorca dzia\u0142aj\u0105cy online. Ca\u0142o\u015b\u0107 oparli\u015bmy o <a data-ac-default-color=\"1\" href=\"https:\/\/imker.pl\/salescrm\/\" target=\"_blank\" rel=\"noopener\">SalesCRM do sprzeda\u017cy<\/a>\u00a0 i platform\u0119 do audiobook\u00f3w <a data-ac-default-color=\"1\" href=\"https:\/\/imker.pl\/salescrm\/\" target=\"_blank\" rel=\"noopener\">tresci.online.<\/a><\/li>\n\n\n\n<li><strong>Justyna Mazur<\/strong> rozpocz\u0119\u0142a przedsprzeda\u017c swojego najnowszego produktu &#8211; <strong>P\u00f3\u0142dekadnika<\/strong> &#8211; notesu osobistego na pi\u0119\u0107 lat. Mo\u017cna go zobaczy\u0107 i kupi\u0107 na stronie \u00a0<a data-ac-default-color=\"1\" href=\"https:\/\/www.malekonceswiata.pl\/\" target=\"_blank\" rel=\"nofollow noopener\">MaleKonceSwiata.pl<\/a>. Ca\u0142o\u015b\u0107 opiera si\u0119 na <a data-ac-default-color=\"1\" href=\"https:\/\/imker.pl\/salescrm\/\" target=\"_blank\" rel=\"noopener\">SalesCRM do sprzeda\u017cy<\/a>\u00a0 oraz us\u0142udze <a data-ac-default-color=\"1\" href=\"https:\/\/imker.pl\/fulfillment\/\" target=\"_blank\" rel=\"noopener\">fulfillment IMKER<\/a>\u00a0 do realizacji zam\u00f3wie\u0144. Dodatkowo, nasz <a data-ac-default-color=\"1\" href=\"https:\/\/imker.pl\/support\/\" target=\"_blank\" rel=\"noopener\">support<\/a> odpowiada na maile i telefony klient\u00f3w.<\/li>\n\n\n\n<li><strong>Robert Kara\u015b<\/strong> (mistrz i rekordzista \u015bwiata w triathlonach ultra &#8211; 19 km p\u0142ywania, 900 km jazdy rowerem i 211 km biegu = 67 h 58 min 1 sek.) w ksi\u0105\u017cce <strong>\u0141ukasza Grassa<\/strong> \u00a0<a data-ac-default-color=\"1\" href=\"https:\/\/robertkaras.com\/\" target=\"_blank\" rel=\"nofollow noopener\">&#8222;Moja si\u0142a. Jak oszuka\u0107 umys\u0142&#8221;<\/a>\u00a0 opisuje swoje zmagania ze sportem. Ca\u0142o\u015b\u0107 opiera si\u0119 na <a data-ac-default-color=\"1\" href=\"https:\/\/imker.pl\/salescrm\/\" target=\"_blank\" rel=\"noopener\">SalesCRM do sprzeda\u017cy<\/a>\u00a0 oraz us\u0142udze\u00a0<a data-ac-default-color=\"1\" href=\"https:\/\/imker.pl\/fulfillment\/\" target=\"_blank\" rel=\"noopener\">fulfillment IMKER<\/a>\u00a0 do realizacji zam\u00f3wie\u0144. Dodatkowo,nasz <a data-ac-default-color=\"1\" href=\"https:\/\/imker.pl\/support\/\" target=\"_blank\" rel=\"noopener\">support<\/a> odpowiada na maile i telefony klient\u00f3w.<\/li>\n\n\n\n<li>Trwa premierowa sprzeda\u017c nowych ksi\u0105\u017cek <strong>Micha\u0142a Wrzoska i jego ekipy<\/strong> o \u017cywieniu dla dzieci, pt.<a data-ac-default-color=\"1\" href=\"https:\/\/centrumrespo.pl\/sklep\/\" target=\"_blank\" rel=\"nofollow noopener\">&#8222;Ale jadka!&#8221;<\/a>. Pierwsza pozycja dotyczy drugich \u015bniada\u0144 i obiad\u00f3w dla 2-6 latka, za\u015b druga dopasowana jest do 7-12 latka. Do sprzeda\u017cy u\u017cywany jest \u00a0<a data-ac-default-color=\"1\" href=\"https:\/\/imker.pl\/salescrm\/\" target=\"_blank\" rel=\"noopener\">SalesCRM<\/a>, a wysy\u0142ki zrealizujemy w ramach us\u0142ugi <a data-ac-default-color=\"1\" href=\"https:\/\/imker.pl\/fulfillment\/\" target=\"_blank\" rel=\"noopener\">fulfillment<\/a>.<\/li>\n\n\n\n<li>Dzisiaj w jednym z naszych magazyn\u00f3w swoj\u0105 ksi\u0105\u017ck\u0119 podpisuje <strong>Tomasz Ro\u017cek<\/strong> z kana\u0142u YT <a data-ac-default-color=\"1\" href=\"https:\/\/www.youtube.com\/user\/naukatolubie\" target=\"_blank\" rel=\"nofollow noopener\">Nauka To Lubi\u0119<\/a>\u00a0 &#8211; popularny popularyzator nauki. Jego gra, ksi\u0105\u017cka oraz koszulki z serii <a data-ac-default-color=\"1\" href=\"https:\/\/sklep.naukatolubie.pl\/\" target=\"_blank\" rel=\"nofollow noopener\">Akademia Superbohater\u00f3w<\/a> jest <a data-ac-default-color=\"1\" href=\"https:\/\/imker.pl\/salescrm\/\" target=\"_blank\" rel=\"noopener\">sprzedawana przez SalesCRM<\/a>, a wysy\u0142k\u0105 zajmuje si\u0119 <a data-ac-default-color=\"1\" href=\"https:\/\/imker.pl\/fulfillment\/\" target=\"_blank\" rel=\"noopener\">fulfillment IMKER<\/a>. W ca\u0142ym procesie uczestniczy te\u017c nasz <a data-ac-default-color=\"1\" href=\"https:\/\/imker.pl\/support\/\" target=\"_blank\" rel=\"noopener\">support<\/a>, obs\u0142uguj\u0105cy klient\u00f3w sklepu.<\/li>\n<\/ul>\n\n\n\n<p>Oczywi\u015bcie nie s\u0105 to wszystkie dzia\u0142ania Tw\u00f3rczy\u0144 i Tw\u00f3rc\u00f3w, kt\u00f3re wydarzy\u0142y si\u0119 ostatnio w IMKER. Od czego\u015b trzeba jednak zacz\u0105\u0107 \u2714\ufe0f<\/p>\n\n\n\n<p><strong>Spodziewajcie si\u0119 kolejnych przegl\u0105d\u00f3w w nadchodz\u0105cych newsletterach!<\/strong><\/p>\n\n\n\n<hr class=\"wp-block-separator has-alpha-channel-opacity\"\/>\n\n\n\n<h2 class=\"wp-block-heading\">&#8222;W podcastach jestem zawsze na drugim miejscu. Albo tu\u017c za Myszk\u0105, albo za Okuniewsk\u0105&#8221; \u2013 wywiad z Justyn\u0105 Mazur \ud83c\udf99\ufe0f\ufe0f<\/h2>\n\n\n\n<figure class=\"wp-block-image\"><img decoding=\"async\" src=\"https:\/\/content.app-us1.com\/90YXd\/2021\/11\/23\/008af917-90eb-4242-9049-6e89cd23b148.jpeg?r=590285411\" alt=\"\"\/><\/figure>\n\n\n\n<p>Na koniec zapraszam Ci\u0119 do r\u00f3wnie warto\u015bciowego materia\u0142u, co na pocz\u0105tku.<\/p>\n\n\n\n<p>Przeprowadzili\u015bmy kolejny wywiad z cyklu Historie Tw\u00f3rc\u00f3w. <a href=\"https:\/\/imker.pl\/blog\/wywiad-justyna-mazur-historie-tworcow\/\" target=\"_blank\" rel=\"noopener\" data-ac-default-color=\"1\">Rozmawiali\u015bmy<\/a> tym razem z<strong> Justyn\u0105 Mazur<\/strong> &#8211; autorka podcast\u00f3w (w tym m.in. audycji kryminalnej &#8222;Pi\u0105te: Nie zabijaj&#8221;), blogerk\u0105 i autork\u0105 ksi\u0105\u017cki &#8222;Ma\u0142e ko\u0144ce \u015bwiata&#8221;.<\/p>\n\n\n\n<p>Wybrany fragment na zach\u0119t\u0119:<\/p>\n\n\n\n<p><em>\u2013 Kilka lat przed tym, jak wystartowa\u0142am z podcastami, odpu\u015bci\u0142am sobie przy blogu. Mia\u0142am ju\u017c pierwsze sukcesy i wsp\u00f3\u0142prace, co pozwoli\u0142o mi przetrwa\u0107 p\u00f3\u0142 roku na &#8222;bezrobociu&#8221;. Ale p\u00f3\u017aniej posz\u0142am do pracy, &#8222;dla bezpiecze\u0144stwa&#8221;. Zamiast rozwija\u0107 siebie i swoje pasje przez ca\u0142e dnie, rozpocz\u0119\u0142am niesatysfakcjonuj\u0105cy etat za 3 tys. z\u0142otych miesi\u0119cznie. I blog zszed\u0142 na dalszy plan, a ja nie dosta\u0142am ju\u017c drugiej szansy. Je\u015bli mamy przeczucie, \u017ce si\u0119 uda, to warto zacisn\u0105\u0107 pasa, mo\u017ce zaoszcz\u0119dzi\u0107 troch\u0119 pieni\u0119dzy i skoczy\u0107 na g\u0142\u00f3wk\u0119&#8221;.<\/em><\/p>\n\n\n\n<div class=\"wp-block-buttons is-content-justification-center is-layout-flex wp-container-core-buttons-is-layout-a89b3969 wp-block-buttons-is-layout-flex\">\n<div class=\"wp-block-button\"><a class=\"wp-block-button__link wp-element-button\" href=\"https:\/\/imker.pl\/blog\/wywiad-justyna-mazur-historie-tworcow\/\">Czytaj wywiad \u00bb<\/a><\/div>\n<\/div>\n\n\n\n<hr class=\"wp-block-separator has-alpha-channel-opacity\"\/>\n\n\n\n<p>Spodziewaj si\u0119 kolejnych wiadomo\u015bci ode mnie na temat self-publishingu oraz sprzeda\u017cy ksi\u0105\u017cek w Internecie w najbli\u017cszym czasie.<\/p>\n\n\n\n<p>&#8212;<br>Pozdrawiam<br>Krzysztof Bartnik \/ &nbsp;<a href=\"https:\/\/imker.pl\/\" target=\"_blank\" rel=\"noopener\" data-ac-default-color=\"1\"><span class=\"\">imker.pl<\/span><\/a><\/p>\n","protected":false},"excerpt":{"rendered":"<p>Cze\u015b\u0107 ! Black Friday, Cyber Monday, Dzie\u0144 Darmowej Dostawy 2021 \ud83d\udcc8 Ostatni kwarta\u0142 roku kalendarzowego zawsze obfituje w emocjonuj\u0105ce wydarzenia zwi\u0105zane ze sprzeda\u017c\u0105 produkt\u00f3w w Internecie. W ten pi\u0105tek odbywa si\u0119 Black Friday (26 listopada, a za nim bezpo\u015brednio idzie Cyber Monday (29 listopada 2020). Z kolei grudniu odbywa si\u0119 &#8222;nasz rodzimy&#8221; Dzie\u0144 Darmowej Dostawy [&hellip;]<\/p>\n","protected":false},"author":2,"featured_media":509,"comment_status":"open","ping_status":"open","sticky":false,"template":"","format":"standard","meta":{"_acf_changed":false,"footnotes":""},"categories":[1],"tags":[],"class_list":["post-83","post","type-post","status-publish","format-standard","has-post-thumbnail","hentry","category-archiwum"],"acf":[],"aioseo_notices":[],"_links":{"self":[{"href":"https:\/\/imker.pl\/newsletter\/wp-json\/wp\/v2\/posts\/83","targetHints":{"allow":["GET"]}}],"collection":[{"href":"https:\/\/imker.pl\/newsletter\/wp-json\/wp\/v2\/posts"}],"about":[{"href":"https:\/\/imker.pl\/newsletter\/wp-json\/wp\/v2\/types\/post"}],"author":[{"embeddable":true,"href":"https:\/\/imker.pl\/newsletter\/wp-json\/wp\/v2\/users\/2"}],"replies":[{"embeddable":true,"href":"https:\/\/imker.pl\/newsletter\/wp-json\/wp\/v2\/comments?post=83"}],"version-history":[{"count":9,"href":"https:\/\/imker.pl\/newsletter\/wp-json\/wp\/v2\/posts\/83\/revisions"}],"predecessor-version":[{"id":2396,"href":"https:\/\/imker.pl\/newsletter\/wp-json\/wp\/v2\/posts\/83\/revisions\/2396"}],"wp:featuredmedia":[{"embeddable":true,"href":"https:\/\/imker.pl\/newsletter\/wp-json\/wp\/v2\/media\/509"}],"wp:attachment":[{"href":"https:\/\/imker.pl\/newsletter\/wp-json\/wp\/v2\/media?parent=83"}],"wp:term":[{"taxonomy":"category","embeddable":true,"href":"https:\/\/imker.pl\/newsletter\/wp-json\/wp\/v2\/categories?post=83"},{"taxonomy":"post_tag","embeddable":true,"href":"https:\/\/imker.pl\/newsletter\/wp-json\/wp\/v2\/tags?post=83"}],"curies":[{"name":"wp","href":"https:\/\/api.w.org\/{rel}","templated":true}]}}