{"id":79,"date":"2021-12-07T12:00:31","date_gmt":"2021-12-07T11:00:31","guid":{"rendered":"https:\/\/imker.pl\/newsletter\/?p=79"},"modified":"2025-06-01T14:48:05","modified_gmt":"2025-06-01T12:48:05","slug":"wnioski-po-black-friday-polski-lad-dla-tworcow","status":"publish","type":"post","link":"https:\/\/imker.pl\/newsletter\/wnioski-po-black-friday-polski-lad-dla-tworcow\/","title":{"rendered":"Wnioski po Black Friday \ud83d\udca1 + Polski \u0141ad dla Tw\u00f3rc\u00f3w \ud83e\uddfe"},"content":{"rendered":"\n<figure class=\"wp-block-image aligncenter\"><img loading=\"lazy\" decoding=\"async\" width=\"660\" height=\"440\" src=\"https:\/\/imker.pl\/newsletter\/wp-content\/uploads\/2021\/12\/newsletter-imker-43.png\" alt=\"\" class=\"wp-image-490\" srcset=\"https:\/\/imker.pl\/newsletter\/wp-content\/uploads\/2021\/12\/newsletter-imker-43.png 660w, https:\/\/imker.pl\/newsletter\/wp-content\/uploads\/2021\/12\/newsletter-imker-43-300x200.png 300w\" sizes=\"auto, (max-width: 660px) 100vw, 660px\" \/><\/figure>\n\n\n\n<p>Cze\u015b\u0107 !<\/p>\n\n\n\n<p>Bardzo dzi\u0119kuj\u0119 za pozytywny odbi\u00f3r mojego ostatniego newslettera, tj.<br><a class=\"\" href=\"https:\/\/imker.activehosted.com\/index.php?action=social&amp;c=73&amp;m=83\" target=\"_blank\" rel=\"noopener\" data-ac-default-color=\"1\">\ud83d\udcbf Mixtape dla Tw\u00f3rczy\u0144 i Tw\u00f3rc\u00f3w \u23e9 vol. 4<\/a>.. Ca\u0142a kampania mia\u0142a wsp\u00f3\u0142czynnik open rate na poziomie <strong>43,79%!<\/strong><\/p>\n\n\n\n<p>Witam serdecznie nowe osoby na mojej li\u015bcie! Ciesze si\u0119, \u017ce z ka\u017cdym wydaniem jest Was coraz wi\u0119cej.<\/p>\n\n\n\n<p><strong>Je\u017celi znasz kogo\u015b, komu przypadn\u0105 te tre\u015bci do gustu, \u015bmia\u0142o polecaj newsletter innym.<\/strong> Przygotowa\u0142em nawet specjaln\u0105 podstron\u0119, na kt\u00f3r\u0105 mo\u017cesz odsy\u0142a\u0107 znajomych:<a href=\"https:\/\/imker.pl\/newsletter\/.\" target=\"_blank\" rel=\"noopener\"> https:\/\/imker.pl\/newsletter\/.<\/a><\/p>\n\n\n\n<p>A teraz czas na obiecane w temacie tego e-maila materia\u0142y&#8230;<\/p>\n\n\n\n<hr class=\"wp-block-separator has-alpha-channel-opacity\"\/>\n\n\n\n<h2 class=\"wp-block-heading\">Black Friday 2021 &#8211; moje wnioski \ud83d\udca1<\/h2>\n\n\n\n<p>Do\u015b\u0107 uwa\u017cnie obserwowa\u0142em Black Friday w \u015bwiecie self-publishingu oraz bran\u017cy D2C (direct to consumer) i chcia\u0142bym podzieli\u0107 si\u0119 z Tob\u0105 swoimi spostrze\u017ceniami.<\/p>\n\n\n\n<p>Nawet je\u017celi nie organizowa\u0142e\u015b w tym roku promocji na swoje produktu, to wierz\u0119, \u017ce te informacje przydadz\u0105 Ci si\u0119 przy planowaniu w\u0142asnych akcji sprzeda\u017cowych.<\/p>\n\n\n\n<p><strong>Wnioski po Black Friday 2021:<\/strong><\/p>\n\n\n\n<ul class=\"wp-block-list\">\n<li><strong>Wcale nie musisz obni\u017ca\u0107 ceny oferowanych produkt\u00f3w.<\/strong> Najlepsze efekty z mojej perspektywy mieli sprzedawcy, kt\u00f3rzy nie decydowali si\u0119 na obni\u017ck\u0119 cen wprost, tylko zach\u0119cali do zakup\u00f3w innymi sposobami. Najpopularniejszym by\u0142a darmowa dostawa zam\u00f3wie\u0144 (z minimaln\u0105 warto\u015bci\u0105 zam\u00f3wienia lub bez). Dobrze dzia\u0142a\u0142y te\u017c pakiety na zasadzie kup 3-4 produkty, a w\u00f3wczas jeden z nich b\u0119dzie gratis.<\/li>\n\n\n\n<li><strong>Promocja nie powinna trwa\u0107 jednego dnia!<\/strong> Uruchomienie i zamkni\u0119cie dzia\u0142a\u0144 promocyjnych tylko w pi\u0105tek nie przynosi\u0142o najlepszych rezultat\u00f3w. Zbyt kr\u00f3tkie okienko sprawia, \u017ce niekt\u00f3rzy odbiorcy nawet nie zd\u0105\u017cyli dowiedzie\u0107 si\u0119 o trwaj\u0105cej promocji i zwyczajnie z niej nie skorzystali.<\/li>\n\n\n\n<li><strong>Newsletter i w\u0142asne \u017ar\u00f3d\u0142a dotarcia do klient\u00f3w wed\u0142ug mnie najbardziej nap\u0119dza\u0142y sprzeda\u017c.<\/strong> Je\u017celi stawiasz na social media i organizowa\u0142e\u015b promocj\u0119 tylko przez 24 godziny, to najpewniej reklamy nawet dobrze si\u0119 nie rozp\u0119dzi\u0142y = nie by\u0142o co liczy\u0107 na zasi\u0119gi serwis\u00f3w spo\u0142eczno\u015bciowych.<\/li>\n\n\n\n<li><strong>Lepiej zacz\u0105\u0107 wcze\u015bniej lub wyd\u0142u\u017cy\u0107 promocje<\/strong>. W nawi\u0105zaniu do powy\u017cszego, \u015bwietnie w mojej ocenie wypadli Ci sprzedawcy, kt\u00f3rzy ruszyli wcze\u015bniej (niedziela lub poniedzia\u0142ek) lub przed\u0142u\u017cyli dzia\u0142ania promocyjne na ca\u0142y weekend (czyli nie Black Friday, tylko po prostu Black Weekend :))<\/li>\n\n\n\n<li><strong>W przypadku produkt\u00f3w elektronicznych zni\u017cka musi by\u0107 konkretna<\/strong>. Od 30 do 50% &#8211; je\u017celi promocja na oferowane produkty cyfrowe mie\u015bci\u0142a si\u0119 w tym przedziale, to p\u00f3\u017aniej Tw\u00f3rczynie i Tw\u00f3rcy chwalili si\u0119 p\u00f3\u017aniej dobrymi efektami sprzeda\u017cy.<\/li>\n\n\n\n<li><strong>Zawiedzione oczekiwania klient\u00f3w w zwi\u0105zku z op\u00f3\u017anion\u0105 dostaw\u0105.<\/strong> Dotar\u0142y do mnie sygna\u0142y, \u017ce niekt\u00f3rzy sprzedawcy nie wyrobili si\u0119 z realizacj\u0105 zam\u00f3wie\u0144 przez ca\u0142y tydzie\u0144 od Black Friday&#8230; Czyli albo oferowali towar, kt\u00f3ry najpierw musieli sprowadzi\u0107 albo liczba zam\u00f3wie\u0144 ca\u0142kowicie przekroczy\u0142a ich prognozy. Nie ma nic gorszego, ni\u017c zawie\u015b\u0107 oczekiwania os\u00f3b, kt\u00f3re zamawia\u0142y tego dnia prezenty na Miko\u0142ajki&#8230;<\/li>\n<\/ul>\n\n\n\n<p>Polecam <a href=\"https:\/\/imker.pl\/fulfillment\/\" target=\"_blank\" rel=\"noopener\" data-ac-default-color=\"1\">fulfillment od IMKER<\/a>, by nie mie\u0107 takich rozczarowa\u0144 \ud83d\ude9a\ud83d\ude9a\ud83d\ude9a<\/p>\n\n\n\n<hr class=\"wp-block-separator has-alpha-channel-opacity\"\/>\n\n\n\n<h2 class=\"wp-block-heading\">Co robi\u0107 po Black Friday?<\/h2>\n\n\n\n<p>Niezale\u017cnie od tego, czy Tw\u00f3j sklep bra\u0142 udzia\u0142 w Black Friday czy nie, za r\u00f3wno tydzie\u0144 masz fajn\u0105 okazj\u0119 do promocji w\u0142asnych produkt\u00f3w.<\/p>\n\n\n\n<p>Mowa o akcji <a href=\"https:\/\/www.dziendarmowejdostawy.pl\/\" target=\"_blank\" rel=\"nofollow noopener\" data-ac-default-color=\"1\">Dzie\u0144 Darmowej Dostawy<\/a>, kt\u00f3r\u0105 organizujemy co roku w niemal niezmienionej formie.<\/p>\n\n\n\n<p>Tego dnia oferujesz swoim klientom darmow\u0105 dostaw\u0119 produkt\u00f3w, niezale\u017cnie od sposobu dostawy, p\u0142atno\u015bci za zam\u00f3wienie czy minimalnej kwoty zam\u00f3wienia (s\u0105 jednak pewne wyj\u0105tki od regu\u0142y opisane w regulaminie).<\/p>\n\n\n\n<p><strong>Polecam przeliczy\u0107 czy takie dzia\u0142anie Ci si\u0119 op\u0142aca i od razu przed\u0142u\u017cy\u0107 promocj\u0119 o kilka dni (w dowoln\u0105 stron\u0119).<\/strong> To powinno prze\u0142o\u017cy\u0107 si\u0119 na sprzeda\u017c.<\/p>\n\n\n\n<p>W 2021 roku <a href=\"https:\/\/www.dziendarmowejdostawy.pl\/\" target=\"_blank\" rel=\"nofollow noopener\" data-ac-default-color=\"1\">Dzie\u0144 Darmowej Dostawy<\/a> odbywa si\u0119 14 grudnia, czyli to taki niemal ostatni dzie\u0144 na zam\u00f3wienie z gwarancj\u0105 dor\u0119czenia przed \u015bwi\u0119tami.<\/p>\n\n\n\n<p><a href=\"https:\/\/www.dziendarmowejdostawy.pl\/\" target=\"_blank\" rel=\"nofollow noopener\" data-ac-default-color=\"1\">Zapraszam Ci\u0119 do udzia\u0142u! \u00bb<\/a><\/p>\n\n\n\n<div class=\"wp-block-buttons is-content-justification-center is-layout-flex wp-container-core-buttons-is-layout-a89b3969 wp-block-buttons-is-layout-flex\">\n<div class=\"wp-block-button\"><a class=\"wp-block-button__link wp-element-button\" href=\"https:\/\/www.dziendarmowejdostawy.pl\/\">We\u017a udzia\u0142 w DDD2021 \u00bb<\/a><\/div>\n<\/div>\n\n\n\n<h2 class=\"wp-block-heading\">Polski \u0141ad dla Tw\u00f3rczy\u0144 i Tw\u00f3rc\u00f3w &#8211; jak do tego podej\u015b\u0107? \ud83e\uddfe<\/h2>\n\n\n\n<p>Na blogu <strong>JakOszczedzacPieniadze.pl<\/strong> pojawi\u0142 si\u0119 <a href=\"https:\/\/jakoszczedzacpieniadze.pl\/polski-lad-czy-polski-wal-jak-sie-chronic-kalkulator\" target=\"_blank\" rel=\"nofollow noopener\" data-ac-default-color=\"1\">kompleksowy materia\u0142 na temat najwi\u0119kszej reformy podatkowej w Polsce<\/a> w ostatnich latach.<\/p>\n\n\n\n<p>Polski \u0141ad b\u0119dzie obowi\u0105zywa\u0142 od przysz\u0142ego roku i wed\u0142ug mnie ka\u017cdy przedsi\u0119biorca (a zatem te\u017c Tw\u00f3rczynie i Tw\u00f3rcy, sprzedaj\u0105cy w\u0142asne produkty) powinien zapozna\u0107 si\u0119 z wprowadzanymi zmianami.<\/p>\n\n\n\n<p>W <a href=\"https:\/\/jakoszczedzacpieniadze.pl\/polski-lad-czy-polski-wal-jak-sie-chronic-kalkulator\" target=\"_blank\" rel=\"nofollow noopener\" data-ac-default-color=\"1\">obszernym tek\u015bcie<\/a>&nbsp;znajdziesz przyk\u0142ady, por\u00f3wnania, odniesienie do wielu sytuacji oraz kalkulator do pobrania (je\u017celi podasz swojego maila), by wyliczy\u0107 jak wst\u0119pnie na Polskim \u0141adzie wyjdziesz&#8230;<\/p>\n\n\n\n<p>Materia\u0142 opracowa\u0142 <strong>Marek Golec<\/strong> \u2013 doradca podatkowy, a <strong>Micha\u0142 Szafra\u0144ski<\/strong> opatrzy\u0142 go swoim mocnym i celnym komentarzem. Polecam bez wahania!<\/p>\n\n\n\n<div class=\"wp-block-buttons is-content-justification-center is-layout-flex wp-container-core-buttons-is-layout-a89b3969 wp-block-buttons-is-layout-flex\">\n<div class=\"wp-block-button\"><a class=\"wp-block-button__link wp-element-button\" href=\"https:\/\/jakoszczedzacpieniadze.pl\/polski-lad-czy-polski-wal-jak-sie-chronic-kalkulator\">Przeczytaj o Polskim \u0141adzie \u00bb<\/a><\/div>\n<\/div>\n\n\n\n<p>Spodziewaj si\u0119 kolejnych wiadomo\u015bci ode mnie na temat self-publishingu oraz sprzeda\u017cy ksi\u0105\u017cek w Internecie w najbli\u017cszym czasie.<\/p>\n\n\n\n<p>&#8212;<br>Pozdrawiam<br>Krzysztof Bartnik \/<a href=\"https:\/\/imker.pl\/\" target=\"_blank\" rel=\"noopener\" data-ac-default-color=\"1\"><span class=\"\">imker.pl<\/span><\/a><\/p>\n","protected":false},"excerpt":{"rendered":"<p>Cze\u015b\u0107 ! Bardzo dzi\u0119kuj\u0119 za pozytywny odbi\u00f3r mojego ostatniego newslettera, tj.\ud83d\udcbf Mixtape dla Tw\u00f3rczy\u0144 i Tw\u00f3rc\u00f3w \u23e9 vol. 4.. Ca\u0142a kampania mia\u0142a wsp\u00f3\u0142czynnik open rate na poziomie 43,79%! Witam serdecznie nowe osoby na mojej li\u015bcie! Ciesze si\u0119, \u017ce z ka\u017cdym wydaniem jest Was coraz wi\u0119cej. Je\u017celi znasz kogo\u015b, komu przypadn\u0105 te tre\u015bci do gustu, \u015bmia\u0142o [&hellip;]<\/p>\n","protected":false},"author":2,"featured_media":490,"comment_status":"open","ping_status":"open","sticky":false,"template":"","format":"standard","meta":{"_acf_changed":false,"footnotes":""},"categories":[1],"tags":[],"class_list":["post-79","post","type-post","status-publish","format-standard","has-post-thumbnail","hentry","category-archiwum"],"acf":[],"aioseo_notices":[],"_links":{"self":[{"href":"https:\/\/imker.pl\/newsletter\/wp-json\/wp\/v2\/posts\/79","targetHints":{"allow":["GET"]}}],"collection":[{"href":"https:\/\/imker.pl\/newsletter\/wp-json\/wp\/v2\/posts"}],"about":[{"href":"https:\/\/imker.pl\/newsletter\/wp-json\/wp\/v2\/types\/post"}],"author":[{"embeddable":true,"href":"https:\/\/imker.pl\/newsletter\/wp-json\/wp\/v2\/users\/2"}],"replies":[{"embeddable":true,"href":"https:\/\/imker.pl\/newsletter\/wp-json\/wp\/v2\/comments?post=79"}],"version-history":[{"count":10,"href":"https:\/\/imker.pl\/newsletter\/wp-json\/wp\/v2\/posts\/79\/revisions"}],"predecessor-version":[{"id":2392,"href":"https:\/\/imker.pl\/newsletter\/wp-json\/wp\/v2\/posts\/79\/revisions\/2392"}],"wp:featuredmedia":[{"embeddable":true,"href":"https:\/\/imker.pl\/newsletter\/wp-json\/wp\/v2\/media\/490"}],"wp:attachment":[{"href":"https:\/\/imker.pl\/newsletter\/wp-json\/wp\/v2\/media?parent=79"}],"wp:term":[{"taxonomy":"category","embeddable":true,"href":"https:\/\/imker.pl\/newsletter\/wp-json\/wp\/v2\/categories?post=79"},{"taxonomy":"post_tag","embeddable":true,"href":"https:\/\/imker.pl\/newsletter\/wp-json\/wp\/v2\/tags?post=79"}],"curies":[{"name":"wp","href":"https:\/\/api.w.org\/{rel}","templated":true}]}}