{"id":72,"date":"2021-12-10T12:00:00","date_gmt":"2021-12-10T11:00:00","guid":{"rendered":"https:\/\/imker.pl\/newsletter\/?p=72"},"modified":"2025-06-01T14:46:47","modified_gmt":"2025-06-01T12:46:47","slug":"przeczytaj-ksiazke-historie-tworcow","status":"publish","type":"post","link":"https:\/\/imker.pl\/newsletter\/przeczytaj-ksiazke-historie-tworcow\/","title":{"rendered":"Przeczytaj ksi\u0105\u017ck\u0119 &#8222;Historie Tw\u00f3rc\u00f3w&#8221; \ud83d\udcd5"},"content":{"rendered":"\n<figure class=\"wp-block-image aligncenter\"><img loading=\"lazy\" decoding=\"async\" width=\"660\" height=\"440\" src=\"https:\/\/imker.pl\/newsletter\/wp-content\/uploads\/2021\/12\/newsletter-imker-44.png\" alt=\"\" class=\"wp-image-466\" srcset=\"https:\/\/imker.pl\/newsletter\/wp-content\/uploads\/2021\/12\/newsletter-imker-44.png 660w, https:\/\/imker.pl\/newsletter\/wp-content\/uploads\/2021\/12\/newsletter-imker-44-300x200.png 300w\" sizes=\"auto, (max-width: 660px) 100vw, 660px\" \/><\/figure>\n\n\n\n<p>Cze\u015b\u0107 !<\/p>\n\n\n\n<hr class=\"wp-block-separator has-alpha-channel-opacity\"\/>\n\n\n\n<h2 class=\"wp-block-heading\">O \u0142\u0105czeniu kropek&#8230;<\/h2>\n\n\n\n<p><strong>Steve Jobs powiedzia\u0142 kiedy\u015b, \u017ce kropki mo\u017cna sensownie po\u0142\u0105czy\u0107, gdy popatrzymy wstecz&#8230;<\/strong> (je\u017celi nie s\u0142ucha\u0142e\u015b jego przem\u00f3wienia z 2005 roku, <a href=\"https:\/\/www.youtube.com\/watch?v=UF8uR6Z6KLc\" target=\"_blank\" rel=\"nofollow noopener\" data-ac-default-color=\"1\">polecam bez wahania<\/a>!)<\/p>\n\n\n\n<p>W kwietniu tego roku opublikowali\u015bmy na blogu IMKER pierwszy wywiad&#8230;<\/p>\n\n\n\n<p>Nie spodziewa\u0142em si\u0119 wtedy, \u017ce cykl &#8222;Historie Tw\u00f3rc\u00f3w&#8221; spotka si\u0119 z tak ciep\u0142ym przyj\u0119ciem.<\/p>\n\n\n\n<p>P\u00f3\u017aniej by\u0142y kolejne materia\u0142y i kolejni rozm\u00f3wcy.<\/p>\n\n\n\n<p><strong>Tw\u00f3rczynie i Tw\u00f3rcy, kt\u00f3ry w wywiadach opowiadaj\u0105 konkretnie:<\/strong><\/p>\n\n\n\n<p>\u2705 jak dzia\u0142a si\u0119 na polskim rynku,<br>\u2705 jak wygl\u0105da\u0142y ich pocz\u0105tki,<br>\u2705 jak tworz\u0105 swoje produkty, itd..<\/p>\n\n\n\n<p>Dzisiaj chc\u0119 po\u0142\u0105czy\u0107 kropki i zaprezentowa\u0107 Ci ksi\u0105\u017ck\u0119 <a href=\"https:\/\/imker.pl\/historie-tworcow-ksiazka\/\" target=\"_blank\" rel=\"noopener\" data-ac-default-color=\"1\">&#8222;Historie Tw\u00f3rc\u00f3w&#8221; od IMKER<\/a>:<\/p>\n\n\n\n<figure class=\"wp-block-image aligncenter\"><img decoding=\"async\" src=\"https:\/\/content.app-us1.com\/90YXd\/2021\/12\/10\/23eeee74-72ce-40f9-b889-0fe637edf835.jpeg?r=137741808\" alt=\"\"\/><\/figure>\n\n\n\n<div class=\"wp-block-buttons is-content-justification-center is-layout-flex wp-container-core-buttons-is-layout-a89b3969 wp-block-buttons-is-layout-flex\">\n<div class=\"wp-block-button\"><a class=\"wp-block-button__link wp-element-button\" href=\"https:\/\/imker.pl\/historie-tworcow-ksiazka\/\">Dowiedz si\u0119 wi\u0119cej o ksi\u0105\u017cce \u00bb<\/a><\/div>\n<\/div>\n\n\n\n<h2 class=\"wp-block-heading\">Historie Tw\u00f3rc\u00f3w<\/h2>\n\n\n\n<p>Ksi\u0105\u017cka <a href=\"https:\/\/imker.pl\/historie-tworcow-ksiazka\/\" target=\"_blank\" rel=\"noopener\" data-ac-default-color=\"1\">&#8222;Historie Tw\u00f3rc\u00f3w&#8221;<\/a>to kompilacja wywiad\u00f3w opublikowanych w ramach cyklu o tej samej nazwie.<\/p>\n\n\n\n<p>Wczoraj wys\u0142ali\u015bmy j\u0105 do wszystkich Klientek i Klient\u00f3w IMKER, a je\u017celi jeszcze nie znajdujesz si\u0119 w tym zacnym gronie (<a href=\"https:\/\/imker.pl\/\" target=\"_blank\" rel=\"noopener\" data-ac-default-color=\"1\">do czego gor\u0105co Ci\u0119 zach\u0119cam<\/a>!), to<strong> od dzisiaj jest dost\u0119pna w regularnej sprzeda\u017cy<\/strong>.<\/p>\n\n\n\n<p>W naszej publikacji przeczytasz nast\u0119puj\u0105ce wywiady:<\/p>\n\n\n\n<p class=\"has-text-align-left\">\u27a1\ufe0f <strong>Micha\u0142 Szafra\u0144ski \/ JakOszcz\u0119dza\u0107Pieniadze<\/strong><br>&#8211; Nie musz\u0119 by\u0107 s\u0142ug\u0105 mojego audytorium<br>\u27a1\ufe0f <strong>Katarzyna Czajka-Kominiarczuk \/ Zwierz Popkulturalny<\/strong><br>&#8211; Nie zastanawiam si\u0119 nad tym, co kogo interesuje. Pisz\u0119 o tym, o czym chc\u0119<br>\u27a1\ufe0f<strong> Grzegorz Ostrowski \/ MniamMniam.pl<\/strong><br>&#8211; Dla w\u0142asnego serwisu odszed\u0142em z korporacji<br>\u27a1\ufe0f <strong>Micha\u0142 Kanarkiewicz \/ SzachMajk<\/strong><br>&#8211; Szachy z mojej najwi\u0119kszej pasji zmieni\u0142y si\u0119 w prac\u0119, z kt\u00f3rej jestem w stanie si\u0119 utrzymywa\u0107<br>\u27a1\ufe0f <strong>Agnieszka Zapart \/ Obrazkoterapia<\/strong><br>&#8211; Prowadzi\u0142am psychoedukacj\u0119 w sieci w spos\u00f3b obrazkowy, zanim sta\u0142o si\u0119 to modne<br>\u27a1\ufe0f <strong>Marcin Myszka \/ Kryminatorium<\/strong><br>&#8211; To wci\u0105\u017c dobry moment, \u017ceby za\u0142o\u017cy\u0107 podcast<br>\u27a1\ufe0f<strong> Anna Komorowska \/ NiePlac Zabaw<\/strong><br>&#8211; Ostatnio us\u0142yszeli\u015bmy, \u017ce fajny ten nasz plac zabaw, ale trudno z niego wyci\u0105gn\u0105\u0107 dzieci<br>\u27a1\ufe0f <strong>Damian Sobczyk \/ Mestos\u0142aw<\/strong><br>&#8211; Czasem nie warto kalkulowa\u0107 \u2013 wystarczy zastanowi\u0107 si\u0119, co daje najwi\u0119ksz\u0105 przyjemno\u015b\u0107<br>\u27a1\ufe0f <strong>Artur Kurasi\u0144ski \/ kurasinskicom<\/strong><br>&#8211; Nie wiemy, co si\u0119 dok\u0142adnie stanie z lud\u017ami wychowanymi przez algorytmy<br>\u27a1\ufe0f <strong>Krzysztof Bartnik \/ IMKER<\/strong><br>&#8211; Bardzo bym chcia\u0142, \u017ceby Remigiusz Mr\u00f3z zosta\u0142 self-publisherem<br>\u27a1\ufe0f <strong>Justyna Mazur \/ Pi\u0105te Nie Zabijaj<\/strong><br>&#8211; W podcastach jestem zawsze na drugim miejscu. Albo za Myszk\u0105, albo za Okuniewsk\u0105. To srebro jest naprawd\u0119 w porz\u0105dku<br>\u27a1\ufe0f <strong>Marcin Osman \/ OSMPower<\/strong><br>&#8211; Zawsze znajdzie si\u0119 pi\u0119\u0107 tysi\u0119cy os\u00f3b, kt\u00f3re kupi\u0105 twoj\u0105 ksi\u0105\u017ck\u0119<\/p>\n\n\n\n<p>Przyk\u0142adowe fragmenty ksi\u0105\u017cki znajdziesz na dedykowanym <a class=\"\" href=\"https:\/\/imker.pl\/historie-tworcow-ksiazka\/\" target=\"_blank\" rel=\"noopener\" data-ac-default-color=\"1\">landing page<\/a>&nbsp; &#8211; zapraszam Ci\u0119 serdecznie do zerkni\u0119cia i zakupu!<\/p>\n\n\n\n<div class=\"wp-block-buttons is-content-justification-center is-layout-flex wp-container-core-buttons-is-layout-a89b3969 wp-block-buttons-is-layout-flex\">\n<div class=\"wp-block-button\"><a class=\"wp-block-button__link wp-element-button\" href=\"https:\/\/imker.pl\/historie-tworcow-ksiazka\/\">Ksi\u0105\u017cka &#8222;Historie Tw\u00f3rc\u00f3w&#8221; \u00bb<\/a><\/div>\n<\/div>\n\n\n\n<p>Wi\u0119cej o tym projekcie &#8211; wizyt\u00f3wce IMKER na pewno opowiem w normalnych, wtorkowych wydaniach newslettera!<\/p>\n\n\n\n<p>Spodziewaj si\u0119 zatem kolejnych wiadomo\u015bci ode mnie na temat self-publishingu oraz sprzeda\u017cy ksi\u0105\u017cek w Internecie w najbli\u017cszym czasie.<\/p>\n\n\n\n<p>&#8212;<br>Pozdrawiam<br>Krzysztof Bartnik \/&nbsp;<a href=\"https:\/\/imker.pl\/\" target=\"_blank\" rel=\"noopener\" data-ac-default-color=\"1\"><span class=\"\">imker.pl<\/span><\/a><\/p>\n","protected":false},"excerpt":{"rendered":"<p>Cze\u015b\u0107 ! O \u0142\u0105czeniu kropek&#8230; Steve Jobs powiedzia\u0142 kiedy\u015b, \u017ce kropki mo\u017cna sensownie po\u0142\u0105czy\u0107, gdy popatrzymy wstecz&#8230; (je\u017celi nie s\u0142ucha\u0142e\u015b jego przem\u00f3wienia z 2005 roku, polecam bez wahania!) W kwietniu tego roku opublikowali\u015bmy na blogu IMKER pierwszy wywiad&#8230; Nie spodziewa\u0142em si\u0119 wtedy, \u017ce cykl &#8222;Historie Tw\u00f3rc\u00f3w&#8221; spotka si\u0119 z tak ciep\u0142ym przyj\u0119ciem. P\u00f3\u017aniej by\u0142y kolejne [&hellip;]<\/p>\n","protected":false},"author":2,"featured_media":466,"comment_status":"open","ping_status":"open","sticky":false,"template":"","format":"standard","meta":{"_acf_changed":false,"footnotes":""},"categories":[1],"tags":[],"class_list":["post-72","post","type-post","status-publish","format-standard","has-post-thumbnail","hentry","category-archiwum"],"acf":[],"aioseo_notices":[],"_links":{"self":[{"href":"https:\/\/imker.pl\/newsletter\/wp-json\/wp\/v2\/posts\/72","targetHints":{"allow":["GET"]}}],"collection":[{"href":"https:\/\/imker.pl\/newsletter\/wp-json\/wp\/v2\/posts"}],"about":[{"href":"https:\/\/imker.pl\/newsletter\/wp-json\/wp\/v2\/types\/post"}],"author":[{"embeddable":true,"href":"https:\/\/imker.pl\/newsletter\/wp-json\/wp\/v2\/users\/2"}],"replies":[{"embeddable":true,"href":"https:\/\/imker.pl\/newsletter\/wp-json\/wp\/v2\/comments?post=72"}],"version-history":[{"count":16,"href":"https:\/\/imker.pl\/newsletter\/wp-json\/wp\/v2\/posts\/72\/revisions"}],"predecessor-version":[{"id":2390,"href":"https:\/\/imker.pl\/newsletter\/wp-json\/wp\/v2\/posts\/72\/revisions\/2390"}],"wp:featuredmedia":[{"embeddable":true,"href":"https:\/\/imker.pl\/newsletter\/wp-json\/wp\/v2\/media\/466"}],"wp:attachment":[{"href":"https:\/\/imker.pl\/newsletter\/wp-json\/wp\/v2\/media?parent=72"}],"wp:term":[{"taxonomy":"category","embeddable":true,"href":"https:\/\/imker.pl\/newsletter\/wp-json\/wp\/v2\/categories?post=72"},{"taxonomy":"post_tag","embeddable":true,"href":"https:\/\/imker.pl\/newsletter\/wp-json\/wp\/v2\/tags?post=72"}],"curies":[{"name":"wp","href":"https:\/\/api.w.org\/{rel}","templated":true}]}}