{"id":61,"date":"2021-12-14T12:00:47","date_gmt":"2021-12-14T11:00:47","guid":{"rendered":"https:\/\/imker.pl\/newsletter\/?p=61"},"modified":"2025-06-01T14:45:03","modified_gmt":"2025-06-01T12:45:03","slug":"5-tysiecy-osob-kupi-twoja-ksiazke","status":"publish","type":"post","link":"https:\/\/imker.pl\/newsletter\/5-tysiecy-osob-kupi-twoja-ksiazke\/","title":{"rendered":"5 tysi\u0119cy os\u00f3b kupi Twoj\u0105 ksi\u0105\u017ck\u0119\u2753\ud83e\udd14"},"content":{"rendered":"\n<figure class=\"wp-block-image aligncenter\"><img loading=\"lazy\" decoding=\"async\" width=\"660\" height=\"440\" src=\"https:\/\/imker.pl\/newsletter\/wp-content\/uploads\/2021\/12\/newsletter-imker-45.png\" alt=\"\" class=\"wp-image-461\" srcset=\"https:\/\/imker.pl\/newsletter\/wp-content\/uploads\/2021\/12\/newsletter-imker-45.png 660w, https:\/\/imker.pl\/newsletter\/wp-content\/uploads\/2021\/12\/newsletter-imker-45-300x200.png 300w\" sizes=\"auto, (max-width: 660px) 100vw, 660px\" \/><\/figure>\n\n\n\n<p>Cze\u015b\u0107 !<\/p>\n\n\n\n<p>Dzi\u0119kuj\u0119 za lektur\u0119 mojego ostatniego newslettera, tj.<a class=\"\" href=\"https:\/\/imker.pl\/newsletter\/wnioski-po-black-friday-polski-lad-dla-tworcow\/\" target=\"_blank\" rel=\"nofollow noopener\" data-ac-default-color=\"1\">Wnioski po Black Friday \ud83d\udca1 + Polski \u0141ad dla Tw\u00f3rc\u00f3w \ud83e\uddfe<\/a>. Ca\u0142a kampania mia\u0142a wsp\u00f3\u0142czynnik open rate na poziomie<strong> 35,07%!<\/strong><\/p>\n\n\n\n<p>Je\u017celi znasz kogo\u015b, komu przypadn\u0105 te tre\u015bci do gustu, \u015bmia\u0142o polecaj newsletter innym. Przygotowa\u0142em nawet specjaln\u0105 podstron\u0119, na kt\u00f3r\u0105 mo\u017cesz odsy\u0142a\u0107 znajomych:<a href=\"https:\/\/imker.pl\/newsletter\/\" target=\"_blank\" rel=\"noopener\"> https:\/\/imker.pl\/newsletter\/<\/a><\/p>\n\n\n\n<p>Dzisiaj zaczynamy od sekcji <em>tips &amp; tricks&#8230;<\/em><\/p>\n\n\n\n<hr class=\"wp-block-separator has-alpha-channel-opacity\"\/>\n\n\n\n<h2 class=\"wp-block-heading\">Kody rabatowe i skracanie \u015bcie\u017cki zakupowej dla Klient\u00f3w<\/h2>\n\n\n\n<p><strong>Przyznawanie kod\u00f3w rabatowych to jedna z najpopularniejszych opcji promocji w sklepach internetowych.<\/strong> U\u017cytkownik otrzymuje kod, wpisuje go w koszyku i dzi\u0119ki temu otrzymuje wybran\u0105 zni\u017ck\u0119 czy darmow\u0105 dostaw\u0119.<\/p>\n\n\n\n<p>Czy mo\u017ce tu by\u0107 co\u015b trudnego?<\/p>\n\n\n\n<p>Na pierwszy rzut oka nie, ale gdy popatrzysz d\u0142u\u017cej to <strong>problemem mo\u017ce by\u0107&#8230; samo pole do wpisywania kodu rabatowego widoczne w koszyku.<\/strong><\/p>\n\n\n\n<p>Za\u0142\u00f3\u017cmy, \u017ce nie organizujesz \u017cadnej promocji ani nie masz dost\u0119pnych kod\u00f3w rabatowych &#8211; a pole jest dost\u0119pne w Twoim koszyku.<\/p>\n\n\n\n<p>Kto\u015b zaczyna szuka\u0107 kodu w Google, na Twojej stronie, zamyka okienko&#8230; \u017begnaj Kliencie! \ud83d\udc4b\ud83d\udc4b<\/p>\n\n\n\n<p>Wiedz\u0105c, \u017ce taki scenariusz istnieje i w mojej ocenie jest do\u015b\u0107 powszechny, wprowadzili\u015bmy w naszym <a href=\"https:\/\/imker.pl\/salescrm\/\" target=\"_blank\" rel=\"noopener\" data-ac-default-color=\"1\">oprogramowaniu sprzeda\u017cowym SalesCRM<\/a> <strong>mo\u017cliwo\u015b\u0107 zarz\u0105dzania widoczno\u015bci\u0105 pola z miejscem na wpisanie kodu rabatowego (!).<\/strong><\/p>\n\n\n\n<p>Mo\u017cesz wybra\u0107 czy pole ma by\u0107 pokazywane zawsze, czy ma go nie by\u0107 oraz &#8211; uwaga! &#8211; czy ma by\u0107 wy\u015bwietlane tylko je\u017celi jest dost\u0119pny jaki\u015b kod rabatowy dla produkt\u00f3w w koszyku!<\/p>\n\n\n\n<figure class=\"wp-block-image\"><img decoding=\"async\" src=\"https:\/\/content.app-us1.com\/90YXd\/2021\/12\/14\/4ee63209-e149-447d-91f5-b0c90ac08af7.jpeg?r=505560231\" alt=\"\"\/><\/figure>\n\n\n\n<p>To jedna z cz\u0119\u015bciej wykorzystywanych przez naszych Klient\u00f3w opcji w SalesCRM.<\/p>\n\n\n\n<p><strong>W ko\u0144cu \u015bcie\u017cka zakupowa powinna by\u0107 kr\u00f3tka i maksymalnie skoncentrowana na finalizacji zam\u00f3wienia.<\/strong><\/p>\n\n\n\n<p>Ale to nie wszystko!<\/p>\n\n\n\n<p><strong>Co zrobi\u0107 bowiem w sytuacji, kiedy NIE chcesz, \u017ceby pole z kodem rabatowym by\u0142o widoczne, ale chcesz komu\u015b przyzna\u0107 indywidualny kod rabatowy?<\/strong><\/p>\n\n\n\n<p>Te\u017c jest taka mo\u017cliwo\u015b\u0107!<\/p>\n\n\n\n<p>W\u00f3wczas ustawiasz brak widoczno\u015bci pola z miejscem na wpisanie kodu i modyfikujesz adres dodawania produktu do koszyka w nast\u0119puj\u0105cy spos\u00f3b.<\/p>\n\n\n\n<p>Zwykle link zakupowy wygl\u0105da u nas tak:<\/p>\n\n\n\n<h6 class=\"wp-block-heading\"><a href=\"https:\/\/historie-tworcow.salescrm.pl\/cart\/add_product\/4496\" target=\"_blank\" rel=\"nofollow noopener\">https:\/\/historie-tworcow.salescrm.pl\/cart\/add_product\/4496<\/a><\/h6>\n\n\n\n<p>Jak klikniesz w ten link to zobaczysz, \u017ce w \u015bcie\u017cce zakupowej NIE MA pola z kodem rabatowym:<\/p>\n\n\n\n<figure class=\"wp-block-image\"><img decoding=\"async\" src=\"https:\/\/content.app-us1.com\/90YXd\/2021\/12\/14\/ab3cc801-aa5a-4e2a-a025-659ae7e9815b.jpeg?r=309893075\" alt=\"\"\/><\/figure>\n\n\n\n<p>A je\u017celi zechcesz, \u017ceby u\u017cytkownik mia\u0142 dodany produkt ju\u017c z aktywnym kodem rabatowym, wystarczy, \u017ce<\/p>\n\n\n\n<p>1) utworzysz kod rabatowy, np. o tre\u015bci<strong> 10MNIEJ<\/strong><\/p>\n\n\n\n<p>2) zmodyfikujesz powy\u017cszy link na taki:<\/p>\n\n\n\n<p><a href=\"https:\/\/historie-tworcow.salescrm.pl\/cart\/add_product\/4496?code=10MNIEJ\">https:\/\/historie-tworcow.salescrm.pl\/cart\/add_product\/4496?code=10MNIEJ<\/a><\/p>\n\n\n\n<p>czyli na ko\u0144cu dopiszesz <strong>?code=10MNIEJ<\/strong>, gdzie <strong>10MNIEJ<\/strong> = utworzony przez Ciebie kod rabatowy.<\/p>\n\n\n\n<p>I w\u00f3wczas po przej\u015bciu do takiego linka, kod b\u0119dzie automatycznie dodany w procesie zakupowym i u\u017cytkownik nie b\u0119dzie musia\u0142 nic w tym zakresie robi\u0107. Zostanie mu podanie danych i op\u0142acenie zam\u00f3wienia:<\/p>\n\n\n\n<figure class=\"wp-block-image\"><img decoding=\"async\" src=\"https:\/\/content.app-us1.com\/90YXd\/2021\/12\/14\/976837e9-99ba-4f30-9677-fd48bc3521df.jpeg?r=2041693667\" alt=\"\"\/><\/figure>\n\n\n\n<p>Je\u017celi korzystasz z <strong>SalesCRM<\/strong>, pami\u0119taj o takim sposobie na skr\u00f3cenie \u015bcie\u017cki zakupowej czy przyznanie rabatu tylko wybranej grupie u\u017cytkownik\u00f3w!<\/p>\n\n\n\n<hr class=\"wp-block-separator has-alpha-channel-opacity\"\/>\n\n\n\n<h2 class=\"wp-block-heading\">Historie Tw\u00f3rc\u00f3w dost\u0119pne!<\/h2>\n\n\n\n<p>A skoro ju\u017c masz w swoim koszyku nasz\u0105 ksi\u0105\u017ck\u0119 <a href=\"https:\/\/imker.pl\/historie-tworcow-ksiazka\/\" target=\"_blank\" rel=\"noopener\" data-ac-default-color=\"1\">Historie Tw\u00f3rc\u00f3w<\/a>&nbsp; i <strong>masz na ni\u0105 dodatkowe 10 z\u0142 rabatu (nie wspominaj\u0105c o darmowej dostawie)<\/strong>&#8230; to mo\u017ce doko\u0144czysz sk\u0142adanie zam\u00f3wienia? \ud83d\ude00<\/p>\n\n\n\n<figure class=\"wp-block-image aligncenter\"><img decoding=\"async\" src=\"https:\/\/content.app-us1.com\/90YXd\/2021\/12\/10\/23eeee74-72ce-40f9-b889-0fe637edf835.jpeg?r=648996865\" alt=\"\"\/><\/figure>\n\n\n\n<div class=\"wp-block-buttons is-content-justification-center is-layout-flex wp-container-core-buttons-is-layout-a89b3969 wp-block-buttons-is-layout-flex\">\n<div class=\"wp-block-button\"><a class=\"wp-block-button__link wp-element-button\" href=\"https:\/\/historie-tworcow.salescrm.pl\/cart\/492be17b-5291-4c5c-a725-a70c94ae18a6\">Doko\u0144cz swoje zam\u00f3wienie \u00bb<\/a><\/div>\n<\/div>\n\n\n\n<h2 class=\"wp-block-heading\">&#8222;Zawsze znajdzie si\u0119 5 tysi\u0119cy os\u00f3b, kt\u00f3re kupi\u0105 twoj\u0105 ksi\u0105\u017ck\u0119&#8221;<\/h2>\n\n\n\n<figure class=\"wp-block-image\"><img decoding=\"async\" src=\"https:\/\/content.app-us1.com\/90YXd\/2021\/12\/14\/20281b2b-e559-4754-99aa-aa698c71884c.jpeg?r=1693126050\" alt=\"\"\/><\/figure>\n\n\n\n<p>Tak m\u00f3wi bohater naszego najnowszego wywiadu z cyklu<strong> Historie Tw\u00f3rc\u00f3w.<\/strong><\/p>\n\n\n\n<p><a href=\"https:\/\/imker.pl\/blog\/marcin-osman-osmpower-wywiad\/\" target=\"_blank\" rel=\"noopener\" data-ac-default-color=\"1\">Marcin Osman z OSMPower<\/a>&nbsp; jest jednym z pierwszych Klient\u00f3w <strong>IMKER<\/strong>, kt\u00f3rzy pami\u0119taj\u0105 jeszcze czasy pierwszej, ma\u0142ej hali magazynowej&#8230;<\/p>\n\n\n\n<p>Marcin jest Autorem, Wydawc\u0105 i zajmuje si\u0119 mn\u00f3stwem ciekawych temat\u00f3w,<br>a to wszystko efektywnie przekazuje swoim Odbiorcom.<\/p>\n\n\n\n<p>Nie boi dzieli\u0107 si\u0119 wiedz\u0105, co wr\u0119cz czu\u0107 w <a href=\"https:\/\/imker.pl\/blog\/marcin-osman-osmpower-wywiad\/\" target=\"_blank\" rel=\"noopener\" data-ac-default-color=\"1\">opublikowanej rozmowie<\/a>..<\/p>\n\n\n\n<p>Wybrany fragment na zach\u0119t\u0119:<\/p>\n\n\n\n<p class=\"has-text-align-center\"><em><strong>&#8222;Co by\u015b radzi\u0142 komu\u015b, kto chcia\u0142by wej\u015b\u0107 w self-publishing, ale wci\u0105\u017c albo nie jest przekonany do tego modelu albo boi si\u0119 wyskoczy\u0107 z w\u0142asn\u0105 tre\u015bci\u0105?<\/strong><\/em><\/p>\n\n\n\n<p class=\"has-text-align-center\"><em>Dwie rzeczy. Jedna to przedsprzeda\u017c, a druga: skopiowanie 1:1 tego, jak sam produkuj\u0119 ksi\u0105\u017cki. Z jakiej drukarni korzystam, kto obs\u0142uguje wysy\u0142k\u0119, jaki jest rodzaj papieru i czcionki, czemu w ksi\u0105\u017cce nie ma tego, a jest to. Dzi\u015b powstaje du\u017co s\u0142abo wydanych ksi\u0105\u017cek, bo ludzie pr\u00f3buj\u0105 wymy\u015bla\u0107, zamiast wzi\u0105\u0107 sprawdzon\u0105 drukarni\u0119, sprawdzonego grafika, sprawdzon\u0105 korekt\u0119, itd.&#8221;<\/em><\/p>\n\n\n\n<p class=\"has-text-align-center\">Zapraszam Ci\u0119 do lektury ca\u0142ego wywiadu:<\/p>\n\n\n\n<div class=\"wp-block-buttons is-content-justification-center is-layout-flex wp-container-core-buttons-is-layout-a89b3969 wp-block-buttons-is-layout-flex\">\n<div class=\"wp-block-button\"><a class=\"wp-block-button__link wp-element-button\" href=\"https:\/\/imker.pl\/blog\/marcin-osman-osmpower-wywiad\/\">Wywiad z Marcinem Osmanem z OSMPower \u00bb<\/a><\/div>\n<\/div>\n\n\n\n<p>Spodziewaj si\u0119 zatem kolejnych wiadomo\u015bci ode mnie na temat self-publishingu oraz sprzeda\u017cy ksi\u0105\u017cek w Internecie w najbli\u017cszym czasie.<\/p>\n\n\n\n<p>&#8212;<br>Pozdrawiam<br>Krzysztof Bartnik \/ &nbsp;<a href=\"https:\/\/imker.pl\/\" target=\"_blank\" rel=\"noopener\" data-ac-default-color=\"1\"><span class=\"\">imker.pl<\/span><\/a><\/p>\n","protected":false},"excerpt":{"rendered":"<p>Cze\u015b\u0107 ! Dzi\u0119kuj\u0119 za lektur\u0119 mojego ostatniego newslettera, tj.Wnioski po Black Friday \ud83d\udca1 + Polski \u0141ad dla Tw\u00f3rc\u00f3w \ud83e\uddfe. Ca\u0142a kampania mia\u0142a wsp\u00f3\u0142czynnik open rate na poziomie 35,07%! Je\u017celi znasz kogo\u015b, komu przypadn\u0105 te tre\u015bci do gustu, \u015bmia\u0142o polecaj newsletter innym. Przygotowa\u0142em nawet specjaln\u0105 podstron\u0119, na kt\u00f3r\u0105 mo\u017cesz odsy\u0142a\u0107 znajomych: https:\/\/imker.pl\/newsletter\/ Dzisiaj zaczynamy od sekcji [&hellip;]<\/p>\n","protected":false},"author":2,"featured_media":461,"comment_status":"open","ping_status":"open","sticky":false,"template":"","format":"standard","meta":{"_acf_changed":false,"footnotes":""},"categories":[1],"tags":[],"class_list":["post-61","post","type-post","status-publish","format-standard","has-post-thumbnail","hentry","category-archiwum"],"acf":[],"aioseo_notices":[],"_links":{"self":[{"href":"https:\/\/imker.pl\/newsletter\/wp-json\/wp\/v2\/posts\/61","targetHints":{"allow":["GET"]}}],"collection":[{"href":"https:\/\/imker.pl\/newsletter\/wp-json\/wp\/v2\/posts"}],"about":[{"href":"https:\/\/imker.pl\/newsletter\/wp-json\/wp\/v2\/types\/post"}],"author":[{"embeddable":true,"href":"https:\/\/imker.pl\/newsletter\/wp-json\/wp\/v2\/users\/2"}],"replies":[{"embeddable":true,"href":"https:\/\/imker.pl\/newsletter\/wp-json\/wp\/v2\/comments?post=61"}],"version-history":[{"count":14,"href":"https:\/\/imker.pl\/newsletter\/wp-json\/wp\/v2\/posts\/61\/revisions"}],"predecessor-version":[{"id":2388,"href":"https:\/\/imker.pl\/newsletter\/wp-json\/wp\/v2\/posts\/61\/revisions\/2388"}],"wp:featuredmedia":[{"embeddable":true,"href":"https:\/\/imker.pl\/newsletter\/wp-json\/wp\/v2\/media\/461"}],"wp:attachment":[{"href":"https:\/\/imker.pl\/newsletter\/wp-json\/wp\/v2\/media?parent=61"}],"wp:term":[{"taxonomy":"category","embeddable":true,"href":"https:\/\/imker.pl\/newsletter\/wp-json\/wp\/v2\/categories?post=61"},{"taxonomy":"post_tag","embeddable":true,"href":"https:\/\/imker.pl\/newsletter\/wp-json\/wp\/v2\/tags?post=61"}],"curies":[{"name":"wp","href":"https:\/\/api.w.org\/{rel}","templated":true}]}}