{"id":1507,"date":"2024-02-21T12:00:11","date_gmt":"2024-02-21T11:00:11","guid":{"rendered":"https:\/\/imker.pl\/newsletter\/?p=1507"},"modified":"2025-05-27T18:43:17","modified_gmt":"2025-05-27T16:43:17","slug":"co-warto-wiedziec-zanim-sie-zacznie","status":"publish","type":"post","link":"https:\/\/imker.pl\/newsletter\/co-warto-wiedziec-zanim-sie-zacznie\/","title":{"rendered":"Co warto wiedzie\u0107 zanim si\u0119 zacznie? \ud83e\udd14"},"content":{"rendered":"\n<figure class=\"wp-block-image aligncenter\"><img loading=\"lazy\" decoding=\"async\" width=\"660\" height=\"439\" src=\"https:\/\/imker.pl\/newsletter\/wp-content\/uploads\/2024\/02\/imker-newsletter-157.png\" alt=\"\" class=\"wp-image-1508\" srcset=\"https:\/\/imker.pl\/newsletter\/wp-content\/uploads\/2024\/02\/imker-newsletter-157.png 660w, https:\/\/imker.pl\/newsletter\/wp-content\/uploads\/2024\/02\/imker-newsletter-157-300x200.png 300w\" sizes=\"auto, (max-width: 660px) 100vw, 660px\" \/><\/figure>\n\n\n\n<p>Dzie\u0144 dobry! \ud83d\udc4b<\/p>\n\n\n\n<p>Pewnie nie uwierzysz, ale dopiero po nadaniu zesz\u0142otygodniowego newslettera (<a href=\"https:\/\/imker.pl\/newsletter\/w-ksiazki-nie-wchodzi-sie-dla-kasy\/\" target=\"_blank\" rel=\"noopener\">W ksi\u0105\u017cki nie wchodzi si\u0119 dla kasy?! \ud83e\udd2f<\/a>) zda\u0142em sobie spraw\u0119, \u017ce min\u0119\u0142o w\u0142a\u015bnie 3 lata odk\u0105d po raz pierwszy klikn\u0105\u0142em &#8222;wy\u015blij&#8221;&#8230;<\/p>\n\n\n\n<p><strong>Dzi\u0119kuj\u0119 Ci za to, \u017ce tu jeste\u015b i czytasz moje wiadomo\u015bci!<\/strong><\/p>\n\n\n\n<p>Dzieli\u0142em si\u0119 ju\u017c swoimi refleksjami na temat pisanie newslettera z okazji wydania nr 100 (sprawd\u017a <a href=\"https:\/\/imker.pl\/newsletter\/newsletter-100\/\" target=\"_blank\" rel=\"noopener\">Newsletter #100<\/a>), ale dzisiaj postanowi\u0142em uzupe\u0142ni\u0107 je o kilka nowych.<\/p>\n\n\n\n<p>Zapraszam:<\/p>\n\n\n\n<hr class=\"wp-block-separator has-alpha-channel-opacity\"\/>\n\n\n\n<p><strong>\u27a1\ufe0f Pisanie cotygodniowego newslettera NIE jest dla ka\u017cdego.<\/strong> Ka\u017cdy mail to kilka godzin pracy (uwzgl\u0119dniaj\u0105c research, nie tylko tworzenie tre\u015bci) i jest po prostu wymagaj\u0105ce. Taka cz\u0119stotliwo\u015b\u0107 pozwala Ci jednak by\u0107 blisko Twoich odbiorc\u00f3w oraz nie pozwala im o Tobie zapomnie\u0107. Je\u017celi niesystematyczny newsletter, to postaw na dobrze dopracowan\u0105 kampani\u0119 powitaln\u0105 i nieregularne wysy\u0142ki.<\/p>\n\n\n\n<p><strong>\u27a1\ufe0f TERAZ to najlepszy moment na rozpocz\u0119cie zbieranie listy mailingowej (ci\u0105gle bez zmian).<\/strong> Nie znam nikogo w bran\u017cy Tw\u00f3rczy\u0144 i Tw\u00f3rc\u00f3w, kto powiedzia\u0142by, \u017ce cieszy si\u0119, \u017ce tak p\u00f3\u017ano zacz\u0105\u0142 zbieranie w\u0142asnej listy mailingowej. Kompletnie nikogo. Zacznij to robi\u0107 jak najszybciej. Nawet je\u017celi na pocz\u0105tku nie wszystko b\u0119dzie perfekcyjne ustawione.<\/p>\n\n\n\n<p><strong>\u27a1\ufe0f Nigdy nie wiesz, kt\u00f3ry newsletter \/ jakie tre\u015bci spodobaj\u0105 si\u0119 bardziej.<\/strong> Nie pami\u0119tam ka\u017cdego zdania ze swoich tekst\u00f3w wys\u0142anych na przestrzeni trzech lat (po to jest <a href=\"https:\/\/imker.pl\/newsletter\/archiwum\/\" target=\"_blank\" rel=\"noopener\">archiwum<\/a> :)), ale ju\u017c wielokrotnie z\u0142apa\u0142em si\u0119 na tym, \u017ce nie zawsze te materia\u0142y, kt\u00f3re dla mnie s\u0105 super, s\u0105 te\u017c ekstra dla Czytelnik\u00f3w. Czasem reakcje wywo\u0142uj\u0105 inne rzeczy, ni\u017c pierwotnie zak\u0142ada\u0142em. Ale to jest OK. Po prostu trzeba wysy\u0142a\u0107 regularnie, bo nie wiesz, co zadzia\u0142a lepiej.<\/p>\n\n\n\n<p><strong>\u27a1\ufe0f Nie przestawaj zach\u0119ca\u0107 nowych odbiorc\u00f3w do subskrypcji!<\/strong> To jest temat r\u00f3wnie wa\u017cny, co regularna komunikacja. Po prostu musisz wpisa\u0107 w sw\u00f3j kalendarz regularne przypominanie o newsletterze i robi\u0107 to na r\u00f3\u017cne, kreatywne sposoby. Nie b\u00f3j si\u0119 te\u017c przetestowa\u0107 p\u0142atnych reklam, o ile masz oczywi\u015bcie odpowiedni bud\u017cet i dobrze zbudowane flow powitalne (sam to obecnie <a href=\"https:\/\/imker.pl\/newsletter\/perpetuum-mobile-dla-tworcow\/\" target=\"_blank\" rel=\"noopener\">testuj\u0119<\/a>).<\/p>\n\n\n\n<p><strong>\u27a1\ufe0f Relacje z subskrybentami newslettera bij\u0105 na g\u0142ow\u0119 relacje w social media.<\/strong> Odpowiedzi na maile, kt\u00f3re dostaj\u0119 (i nie tylko) prowadz\u0105 do takich relacji, kt\u00f3rych nie da si\u0119 odnale\u017a\u0107 w \u015bwiecie lajk\u00f3w i serduszek z serwis\u00f3w spo\u0142eczno\u015bciowych. Tutaj jest czas i mo\u017cliwo\u015b\u0107 szerszego om\u00f3wienia tematu, a nie tylko zwr\u00f3cenia uwagi na siebie przez kilka sekund. Korzystaj z tej mo\u017cliwo\u015bci!<\/p>\n\n\n\n<p>I to w sumie tyle \ud83d\ude0e<\/p>\n\n\n\n<p>Z jednej strony daleka droga za nami, a z drugiej nawet nie wiem kiedy to zlecia\u0142o&#8230;<\/p>\n\n\n\n<p>Daj prosz\u0119 zna\u0107, o tym, co s\u0105dzisz o newsletterze od Imker, kt\u00f3ry pisz\u0119. <strong>\u015amia\u0142o klikaj w &#8222;odpowiedz&#8221; na tego maila!<\/strong><\/p>\n\n\n\n<p>A teraz ju\u017c czas na&#8230;<\/p>\n\n\n\n<hr class=\"wp-block-separator has-alpha-channel-opacity\"\/>\n\n\n\n<h2 class=\"wp-block-heading\"><strong>\ud83d\udcf0 Materia\u0142y warte Twojego klikni\u0119cia:<\/strong><\/h2>\n\n\n\n<p><strong>\ud83d\udcda SELF-PUBLISHING:<\/strong> <a href=\"https:\/\/twitter.com\/noahkagan\/status\/1758524504043626686\" target=\"_blank\" rel=\"noopener\"><strong>Jak w praktyce powstawa\u0142a ok\u0142adka nowej, bestsellerowej ksi\u0105\u017cki? \u00bb<\/strong><\/a><br>Noah Kagan wyda\u0142 ostatnio ksi\u0105\u017ck\u0119, pt. Million Dollar Weekend (nied\u0142ugo polska wersja od OSMPower!) i podzieli\u0142 si\u0119 faktycznym procesem powstawania ok\u0142adki. Znajdziesz tutaj testy r\u00f3\u017cnych koncepcji, w tym takie, kt\u00f3re doprowadzi\u0142y do finalnego wyboru projektu. Polecam mocno mie\u0107 to na uwadze przy okazji w\u0142asnych publikacji!<\/p>\n\n\n\n<p><strong>\ud83d\udca1 MARKETING:<\/strong> <a href=\"https:\/\/newsletternavigator.com\/p\/how-to-run-a-successful-giveaway\" target=\"_blank\" rel=\"noopener\"><strong>Jak zdoby\u0107 tysi\u0105ce subskrybent\u00f3w za mniej, ni\u017c 0,02 dolara za jeden kontakt? \u00bb<\/strong><\/a><br>Jakub Kliszczak podzieli\u0142 si\u0119 w swoim newsletterze case study z organizacji akcji promocyjnej, kt\u00f3ra pozwoli\u0142a na zdobycie sporej grupy nowych odbiorc\u00f3w. Akcja rozdawania czego\u015b za polecenie innym zdecydowanie si\u0119 do tego nadaje, a tutaj znajdziecie bardzo fajny plan do realizacji.<\/p>\n\n\n\n<p><strong>\ud83d\udcda SELF-PUBLISHING:<\/strong> <a href=\"https:\/\/imker.pl\/blog\/logistyka-dla-self-publisherow-jak-magazynowac-i-wysylac-ksiazki\/\" target=\"_blank\" rel=\"noopener\"><strong>Logistyka dla self-publisher\u00f3w \u2013 jak magazynowa\u0107 i wysy\u0142a\u0107 ksi\u0105\u017cki? \u00bb<\/strong><\/a><br>W tym tek\u015bcie pomo\u017cemy Ci zrozumie\u0107 kluczowe aspekty dotycz\u0105ce sk\u0142adowania i dostarczania publikacji do klient\u00f3w. Dowiesz si\u0119 jak zarz\u0105dza\u0107 przestrzeni\u0105 magazynow\u0105, jaki materia\u0142 do pakowania wybra\u0107 i nie tylko. Oczywi\u015bcie mo\u017cesz robi\u0107 to sam, jednak znacznie lepiej (i stawiam, \u017ce taniej) wyjdzie Ci to robi\u0107 z nami w <a href=\"https:\/\/imker.pl\/\" target=\"_blank\" rel=\"noopener\">Imker<\/a> \ud83d\ude09<\/p>\n\n\n\n<p><strong>\ud83c\udfa5 PORADNIK WIDEO:<\/strong> <a href=\"https:\/\/www.youtube.com\/watch?v=zdWTUE9-mDk\" target=\"_blank\" rel=\"noopener\"><strong>13 rzeczy, kt\u00f3re nale\u017cy natychmiast usun\u0105\u0107 ze swojej witryny \u00bb<\/strong><\/a><br>Warto po\u015bwi\u0119ci\u0107 12 minut swojego czasu na obejrzenie tego materia\u0142u, w kt\u00f3rym Andy z Orbit Media Studios &#8222;rozprawia&#8221; si\u0119 z tym co dzia\u0142a (i przede wszystkim &#8211; nie dzia\u0142a) na r\u00f3\u017cnego rodzaju stronach internetowych. Z niekt\u00f3rymi si\u0119 bardzo zgadzam, o innych (np. daty post\u00f3w na blogu) mo\u017cna dyskutowa\u0107, ale warto mie\u0107 te porady z ty\u0142u g\u0142owy je\u017celi zabierasz si\u0119 za przygotowanie nowej witryny (polecam do tego nasz Imkreator).<\/p>\n\n\n\n<p><strong>\ud83d\udcac OFFTOPIC:<\/strong> <a href=\"https:\/\/twitter.com\/FitFounder\/status\/1759954883317280801\" target=\"_blank\" rel=\"noopener\"><strong>5 \u0107wicze\u0144 do wykonywania ka\u017cdego wieczoru, je\u015bli siedzisz przy biurku \u00bb<\/strong><\/a><br>Je\u017celi (jak ja) sp\u0119dzasz du\u017co czasu pracuj\u0105c przy komputerze, spr\u00f3buj wykona\u0107 zestaw \u0107wicze\u0144 podany w tym w\u0105tku przez Dana Go. Osobi\u015bcie mia\u0142em problem ju\u017c z pierwszym (mia\u0142em tylko pi\u0142eczk\u0119 rehabilitacyjn\u0105 pod r\u0119k\u0105), ale po kilku chwilach by\u0142o super. Cia\u0142o od\u017cy\u0142o! \ud83d\udcaa<\/p>\n\n\n\n<hr class=\"wp-block-separator has-alpha-channel-opacity\"\/>\n\n\n\n<h2 class=\"wp-block-heading\"><strong>Chcesz by\u015bmy razem pracowali nad Twoim biznesem online? \ud83d\ude80<\/strong><\/h2>\n\n\n\n<p>Je\u017celi szukasz dla siebie, sprawdzonych w boju (<a href=\"https:\/\/imker.pl\/#opinie\" target=\"_blank\" rel=\"noopener\">i polecanych przez czo\u0142owych tw\u00f3rc\u00f3w w Polsce<\/a>!) narz\u0119dzi czy us\u0142ug do sprzeda\u017cy oraz dostarczenia produkt\u00f3w do swoich klient\u00f3w, takich jak:<\/p>\n\n\n\n<p>\ud83d\udc49 katalog \/ sklep internetowy<\/p>\n\n\n\n<p>\ud83d\udc49 strona sprzeda\u017cowa<\/p>\n\n\n\n<p>\ud83d\udc49 koszyk do zam\u00f3wie\u0144<\/p>\n\n\n\n<p>\ud83d\udc49 platforma do streamingu audio i wideo<\/p>\n\n\n\n<p>\ud83d\udc49 platforma kursowa<\/p>\n\n\n\n<p>\ud83d\udc49 pakowanie i wysy\u0142ka produkt\u00f3w fizycznych<\/p>\n\n\n\n<p>\ud83d\udc49 obs\u0142uga klienta<\/p>\n\n\n\n<p>To wiedz, \u017ce <strong>to wszystko czeka na Ciebie gotowe do startu<\/strong>.<br>Dostarczone i codziennie pilnowane przez zesp\u00f3\u0142 <a href=\"https:\/\/imker.pl\/\" target=\"_blank\" rel=\"noopener\">Imker<\/a>!<\/p>\n\n\n\n<p>Pisz \u015bmia\u0142o (mo\u017ce by\u0107 w odpowiedzi na t\u0119 wiadomo\u015b\u0107!) \u2013 <strong>wsp\u00f3lnie przekonajmy si\u0119, co mo\u017cemy dla Ciebie zrobi\u0107!<\/strong><\/p>\n\n\n\n<div class=\"wp-block-buttons is-content-justification-center is-layout-flex wp-container-core-buttons-is-layout-a89b3969 wp-block-buttons-is-layout-flex\">\n<div class=\"wp-block-button\"><a class=\"wp-block-button__link wp-element-button\" href=\"https:\/\/imker.pl\/#kontakt\" target=\"_blank\" rel=\"noopener\">Kontakt z Imker! \u00bb<\/a><\/div>\n<\/div>\n\n\n\n<p>Wielkie podzi\u0119kowania dla naszych fantastycznych klient\u00f3w, kt\u00f3rzy polecaj\u0105 dalej nasze produkty. Tutaj polecenie od <strong>Magdy i Tomasza z <a href=\"https:\/\/burzawmozgu.pl\/\" target=\"_blank\" rel=\"noopener\">Burzy w M\u00f3zgu<\/a><\/strong> \/ fragment ich newslettera:<\/p>\n\n\n\n<figure class=\"wp-block-image\"><img decoding=\"async\" src=\"https:\/\/ci3.googleusercontent.com\/meips\/ADKq_NaXN6q7rXexSwNDKHJ7TnqnTQTN5GmDYuX_HzRtY3-FKJkTCAvLju3y9nUSfV7ihOR8YMGcPma7RwL8s2Cv6dZJ1Vm7J54qM9S7rnjItHb64gAvinNH0tvYMSbwOGRQV_Uj=s0-d-e1-ft#https:\/\/embed.filekitcdn.com\/e\/8wiDkeU3RwnDAA32zv6Y9j\/koUD2FCbuDWApjvKUqAX9N\" alt=\"Polecenie Imker\"\/><\/figure>\n\n\n\n<hr class=\"wp-block-separator has-alpha-channel-opacity\"\/>\n\n\n\n<h2 class=\"wp-block-heading\"><strong>\ud83d\udea8 LAST MINUTE: Jeste\u015bmy w\u0142a\u015bnie na targach Fashion w \u0141odzi!<\/strong><\/h2>\n\n\n\n<p>Tak troch\u0119 og\u0142oszenie &#8222;last minute&#8221;, ale daj\u0119 zna\u0107, \u017ce dzisiaj i jutro <strong>Ewa Bartnik, Ewa Zwoli\u0144ska, Katarzyna Tymicka, Julia Miszczuk, Marta Kruk, Adrian Typiak i ja<\/strong> z ekipy Imker jeste\u015bmy na targach <u><strong>Fashion Fair B2B 2024<\/strong><\/u> w \u0141odzi.<\/p>\n\n\n\n<p>Zapraszamy do naszego stoiska (EC18 w strefie e-commerce), a za tydzie\u0144 pode\u015bl\u0119 Wam prezentacj\u0119 Ewy na temat koszt\u00f3w logistycznych e-commerce i o tym, jak mo\u017ce rozwija\u0107 si\u0119 Wasza marka.<\/p>\n\n\n\n<p>Bo to nie jest tak, \u017ce ka\u017cdy tw\u00f3rca wydaje tylko ksi\u0105\u017cki. Ubrania czy inne rzeczy \/ gad\u017cety to r\u00f3wnie\u017c bardzo popularny temat i warto si\u0119 temu przyjrze\u0107!<\/p>\n\n\n\n<hr class=\"wp-block-separator has-alpha-channel-opacity\"\/>\n\n\n\n<p>Tyle na dzi\u015b.<\/p>\n\n\n\n<p>Za tydzie\u0144 spodziewaj si\u0119 ode mnie kolejnego maila na temat selfpublishingu oraz tworzenia i sprzeda\u017cy w\u0142asnych produkt\u00f3w w Internecie.<\/p>\n\n\n\n<p>Pozdrawiam<br>Krzysztof Bartnik \/ <a href=\"https:\/\/imker.pl\/\" target=\"_blank\" rel=\"noopener\">imker.pl<\/a><\/p>\n\n\n\n<p>PS. Pami\u0119taj, \u017ce masz ca\u0142y czas dost\u0119pne:<br>\ud83d\udc49 <a href=\"https:\/\/imker.pl\/newsletter\/archiwum\/\" target=\"_blank\" rel=\"noopener\">Pe\u0142ne archiwum newsletter\u00f3w \u00bb<\/a><br>\ud83d\udc49 <a href=\"https:\/\/docs.google.com\/spreadsheets\/d\/1bGtwICommWDMi-toN9ht7hGrCb1QBJ4pGjQTOU7GBxg\/edit\" target=\"_blank\" rel=\"noopener\">Biznesplan do analizy op\u0142acalno\u015bci wydania ksi\u0105\u017cki \u00bb<\/a> (dla selfpublisher\u00f3w i nie tylko)<br>\ud83d\udc49 <a href=\"https:\/\/docs.google.com\/spreadsheets\/d\/1FH455_G7YcVR8MbZzXhJzecDJx4yVZQ7rVOHfM0FQBs\/edit#gid=0\" target=\"_blank\" rel=\"noopener\">Linki do wszystkich materia\u0142\u00f3w z newslettera \u00bb<\/a><\/p>\n\n\n\n<p>PS 2. Polecam Ci te\u017c szczeg\u00f3lnie nasze akademie:<br>\ud83c\udf93 <a href=\"https:\/\/imker.pl\/akademia-self-publishing\/\" target=\"_blank\" rel=\"noopener\">Akademia Self-Publishing \u00bb<\/a><br>\ud83c\udf93 <a href=\"https:\/\/imker.pl\/akademia-tworzenia-kursow\/\" target=\"_blank\" rel=\"noopener\">Akademia Tworzenia Kurs\u00f3w \u00bb<\/a><\/p>\n","protected":false},"excerpt":{"rendered":"<p>Dzie\u0144 dobry! \ud83d\udc4b Pewnie nie uwierzysz, ale dopiero po nadaniu zesz\u0142otygodniowego newslettera (W ksi\u0105\u017cki nie wchodzi si\u0119 dla kasy?! \ud83e\udd2f) zda\u0142em sobie spraw\u0119, \u017ce min\u0119\u0142o w\u0142a\u015bnie 3 lata odk\u0105d po raz pierwszy klikn\u0105\u0142em &#8222;wy\u015blij&#8221;&#8230; Dzi\u0119kuj\u0119 Ci za to, \u017ce tu jeste\u015b i czytasz moje wiadomo\u015bci! Dzieli\u0142em si\u0119 ju\u017c swoimi refleksjami na temat pisanie newslettera z [&hellip;]<\/p>\n","protected":false},"author":2,"featured_media":1509,"comment_status":"closed","ping_status":"closed","sticky":false,"template":"","format":"standard","meta":{"_acf_changed":false,"footnotes":""},"categories":[1],"tags":[],"class_list":["post-1507","post","type-post","status-publish","format-standard","has-post-thumbnail","hentry","category-archiwum"],"acf":[],"aioseo_notices":[],"_links":{"self":[{"href":"https:\/\/imker.pl\/newsletter\/wp-json\/wp\/v2\/posts\/1507","targetHints":{"allow":["GET"]}}],"collection":[{"href":"https:\/\/imker.pl\/newsletter\/wp-json\/wp\/v2\/posts"}],"about":[{"href":"https:\/\/imker.pl\/newsletter\/wp-json\/wp\/v2\/types\/post"}],"author":[{"embeddable":true,"href":"https:\/\/imker.pl\/newsletter\/wp-json\/wp\/v2\/users\/2"}],"replies":[{"embeddable":true,"href":"https:\/\/imker.pl\/newsletter\/wp-json\/wp\/v2\/comments?post=1507"}],"version-history":[{"count":4,"href":"https:\/\/imker.pl\/newsletter\/wp-json\/wp\/v2\/posts\/1507\/revisions"}],"predecessor-version":[{"id":2313,"href":"https:\/\/imker.pl\/newsletter\/wp-json\/wp\/v2\/posts\/1507\/revisions\/2313"}],"wp:featuredmedia":[{"embeddable":true,"href":"https:\/\/imker.pl\/newsletter\/wp-json\/wp\/v2\/media\/1509"}],"wp:attachment":[{"href":"https:\/\/imker.pl\/newsletter\/wp-json\/wp\/v2\/media?parent=1507"}],"wp:term":[{"taxonomy":"category","embeddable":true,"href":"https:\/\/imker.pl\/newsletter\/wp-json\/wp\/v2\/categories?post=1507"},{"taxonomy":"post_tag","embeddable":true,"href":"https:\/\/imker.pl\/newsletter\/wp-json\/wp\/v2\/tags?post=1507"}],"curies":[{"name":"wp","href":"https:\/\/api.w.org\/{rel}","templated":true}]}}