{"id":142,"date":"2021-07-27T12:00:23","date_gmt":"2021-07-27T10:00:23","guid":{"rendered":"https:\/\/imker.pl\/newsletter\/?p=142"},"modified":"2025-06-01T13:46:05","modified_gmt":"2025-06-01T11:46:05","slug":"dwie-podobne-historie-o-budowaniu-na-cudzym-a-nie-swoim","status":"publish","type":"post","link":"https:\/\/imker.pl\/newsletter\/dwie-podobne-historie-o-budowaniu-na-cudzym-a-nie-swoim\/","title":{"rendered":"Dwie podobne historie o budowaniu na cudzym, a nie swoim \ud83d\ude40"},"content":{"rendered":"\n<figure class=\"wp-block-image\"><img loading=\"lazy\" decoding=\"async\" width=\"660\" height=\"440\" src=\"https:\/\/imker.pl\/newsletter\/wp-content\/uploads\/2021\/07\/newsletter-imker-24.2.png\" alt=\"\" class=\"wp-image-523\" srcset=\"https:\/\/imker.pl\/newsletter\/wp-content\/uploads\/2021\/07\/newsletter-imker-24.2.png 660w, https:\/\/imker.pl\/newsletter\/wp-content\/uploads\/2021\/07\/newsletter-imker-24.2-300x200.png 300w\" sizes=\"auto, (max-width: 660px) 100vw, 660px\" \/><\/figure>\n\n\n\n<p class=\"has-text-align-left\">Cze\u015b\u0107 !<\/p>\n\n\n\n<h3 class=\"wp-block-heading\">Kilka miesi\u0119cy temu&#8230;<\/h3>\n\n\n\n<p>Rozmawia\u0142em z prezesem sp\u00f3\u0142ki IT o tym, \u017ce kiedy\u015b prowadzi\u0142 fajnego bloga.<\/p>\n\n\n\n<p>Zapyta\u0142em, czy nie my\u015bla\u0142 o jego kontynuacji, bo na pewno wielu Czytelnik\u00f3w (w tym ni\u017cej podpisany) ch\u0119tnie przeczyta\u0142oby ci\u0105g dalszy. Opowiadana przez niego historia urwa\u0142a si\u0119 bowiem tak w 1\/3&#8230;<\/p>\n\n\n\n<p>Nie chcia\u0142.<\/p>\n\n\n\n<p>M\u00f3wi\u0142 wprost, \u017ce jego zdaniem blogi to ju\u017c prze\u017cytek.<\/p>\n\n\n\n<p>\u017be jak chce wyda\u0107 komunikat w \u015bwiat to ma od tego Facebooka, Twittera, Instagrama i inne serwisy, kt\u00f3re daj\u0105 mu zasi\u0119gi.<\/p>\n\n\n\n<p>I wiesz co?<\/p>\n\n\n\n<p>W pierwszej chwili przyzna\u0142em mu racj\u0119.<\/p>\n\n\n\n<p>Gdy jednak d\u0142u\u017cej my\u015bla\u0142em o jego wyborze, uzna\u0142em, \u017ce kr\u00f3tkoterminowo mo\u017ce i faktycznie zrealizuje swoje cele przez serwisy spo\u0142eczno\u015bciowe,<\/p>\n\n\n\n<p><strong>ALE<\/strong><\/p>\n\n\n\n<p>patrz\u0105c w dalszej perspektywie \u2014 bez swojej w\u0142asnej strony jego przekaz i tre\u015bci szybko znikn\u0105 w g\u0105szczu innych tre\u015bci.<\/p>\n\n\n\n<p><em><span class=\"\">Czy to jest efekt, jaki chcesz osi\u0105gn\u0105\u0107?<\/span><\/em><\/p>\n\n\n\n<hr class=\"wp-block-separator has-alpha-channel-opacity\"\/>\n\n\n\n<p>Zatrzymajmy si\u0119 przy social mediach, poniewa\u017c w ostatnich dniach wydarzy\u0142o si\u0119 kilka rzeczy, kt\u00f3re pokazuj\u0105, \u017ce Tw\u00f3rcy wcale nie maj\u0105 tam tak dobrze, jak sobie wyobra\u017cali.<\/p>\n\n\n\n<p>Serwisy spo\u0142eczno\u015bciowe perfekcyjnie opanowa\u0142y sposoby na \u0142atwe dodanie tre\u015bci i przyci\u0105ganie uwagi odbiorc\u00f3w.<\/p>\n\n\n\n<p>Gdy ju\u017c uros\u0142y i nasyci\u0142y si\u0119 ruchem, to pojawi\u0142y si\u0119 opcje p\u0142atne.<\/p>\n\n\n\n<p>Najpierw wpisy organicznie dociera\u0142y do wszystkich odbiorc\u00f3w, p\u00f3\u017aniej do cz\u0119\u015bci, a obecnie bez p\u0142acenia na reklamy ci\u0119\u017cko dotrze\u0107 nawet do kilkunastu procent&#8230; Nie wspominaj\u0105c o tym, \u017ce skuteczno\u015b\u0107 reklam ci\u0105gle spada&#8230;<\/p>\n\n\n\n<p>To ju\u017c wiemy.<\/p>\n\n\n\n<p><span class=\"\">Co jednak zrobi\u0107 w sytuacji, gdy z dnia na dzie\u0144 Twoje sumiennie budowane konto w takich spo\u0142eczno\u015bci\u00f3wkach nagle zniknie?<\/span><\/p>\n\n\n\n<hr class=\"wp-block-separator has-alpha-channel-opacity\"\/>\n\n\n\n<h3 class=\"wp-block-heading\">Historia #1 &#8211; Naukowy Be\u0142kot<\/h3>\n\n\n\n<p>Z takim zdarzeniem walczy\u0142 ostatnio kana\u0142 Naukowy Be\u0142kot na YouTube.<\/p>\n\n\n\n<p>Konto z ponad 630 tys. odbiorc\u00f3w nagle zosta\u0142o wy\u0142\u0105czone.<\/p>\n\n\n\n<p>Tw\u00f3rca opisywa\u0142 ca\u0142e zdarzenie na Facebooku \u2014 kliknij&nbsp;<a href=\"https:\/\/www.facebook.com\/UwagaNaukowyBelkot\/posts\/2850416161864076\" target=\"_blank\" rel=\"nofollow noopener\" data-ac-default-color=\"1\">tutaj<\/a> lub w obrazek poni\u017cej:<\/p>\n\n\n\n<figure class=\"wp-block-image aligncenter\"><a href=\"https:\/\/www.facebook.com\/UwagaNaukowyBelkot\/posts\/2850416161864076\"><img decoding=\"async\" src=\"https:\/\/imker.imgus11.com\/public\/\/4f2c7eceef906b8734597936bc83a083.png?r=1854980754\" alt=\"\"\/><\/a><\/figure>\n\n\n\n<p>Kana\u0142 szcz\u0119\u015bliwie uda\u0142o si\u0119 po kilku dniach (a raczej &#8222;poruszeniu nieba i ziemi&#8221; z perspektywy Tw\u00f3rcy) przywr\u00f3ci\u0107&#8230;<\/p>\n\n\n\n<hr class=\"wp-block-separator has-alpha-channel-opacity\"\/>\n\n\n\n<h3 class=\"wp-block-heading\">Historia #2 &#8211; Niebezpiecznik<\/h3>\n\n\n\n<p>Jeszcze dziwniejsz\u0105 sytuacj\u0119 mia\u0142 te\u017c Piotr Konieczny, tw\u00f3rca serwisu Niebezpiecznik.pl.<\/p>\n\n\n\n<p>Jego fanpage dosta\u0142 tzw. &#8222;monetization lock&#8221; od Facebooka.<\/p>\n\n\n\n<p>Nie mo\u017cna go by\u0142o wyszuka\u0107, polubi\u0107, obserwowa\u0107, wy\u015bwietla\u0142y si\u0119 nieprzyjazne komunikaty&#8230;<\/p>\n\n\n\n<p>Piotr w pe\u0142ni&nbsp;<a href=\"https:\/\/www.facebook.com\/piotrkonieczny\/posts\/10159386168719183\" target=\"_blank\" rel=\"nofollow noopener\" data-ac-default-color=\"1\">opisa\u0142&nbsp;<\/a>to zdarzenie u siebie:<\/p>\n\n\n\n<figure class=\"wp-block-image aligncenter\"><a href=\"https:\/\/www.facebook.com\/piotrkonieczny\/posts\/10159386168719183\"><img decoding=\"async\" src=\"https:\/\/imker.imgus11.com\/public\/\/59abb48b408d3caaa205c6f224ae9e55.png?r=500707939\" alt=\"\"\/><\/a><\/figure>\n\n\n\n<hr class=\"wp-block-separator has-alpha-channel-opacity\"\/>\n\n\n\n<h3 class=\"wp-block-heading\">Wnioski?<\/h3>\n\n\n\n<p>Te wydarzenia, cho\u0107 by\u0142y na innych serwisach (YouTubie \/ Facebook), pokazuj\u0105 jedn\u0105 rzecz:<\/p>\n\n\n\n<p>&#8211; \u017ce budowanie swojego biznesu na obcym terenie sprawia, \u017ce w ka\u017cdej chwili mo\u017cemy zosta\u0107 z niczym.<\/p>\n\n\n\n<p>\u017be jak zdarzy si\u0119 co\u015b dziwnego, to walczymy z algorytmami, a ci\u0119\u017cko w du\u017cej korporacji dosta\u0107 si\u0119 do konkretnego cz\u0142owieka odpowiadaj\u0105cego za decyzj\u0119.<\/p>\n\n\n\n<p>\u017be opieraj\u0105c biznes tylko na jednej platformie i do tego nienale\u017c\u0105cej do nas, bardzo du\u017co ryzykujemy.<\/p>\n\n\n\n<p>To nie jest w\u0142a\u015bciwy kierunek!<\/p>\n\n\n\n<hr class=\"wp-block-separator has-alpha-channel-opacity\"\/>\n\n\n\n<h3 class=\"wp-block-heading\">Im szybciej to zrozumiesz, tym lepiej!<\/h3>\n\n\n\n<p>Idealnie opisywany temat (i do tego w formie obrazkowej) przedstawi\u0142 autor komiks\u00f3w The Oatmeal.<\/p>\n\n\n\n<p>Jego wpis&nbsp;<span class=\"\">&#8222;Reaching people on the internet in 2021<\/span>&#8221; znajdziesz&nbsp;<a href=\"https:\/\/theoatmeal.com\/comics\/reaching_people_2021\" target=\"_blank\" rel=\"nofollow noopener\" data-ac-default-color=\"1\">tutaj<\/a>&nbsp;(lub klikaj\u0105c w obrazek poni\u017cej).<\/p>\n\n\n\n<figure class=\"wp-block-image aligncenter\"><img decoding=\"async\" src=\"https:\/\/imker.imgus11.com\/public\/\/6e141c4147c69f0c8c5477cb81c8dc88.png?r=427518229\" alt=\"\"\/><\/figure>\n\n\n\n<p>Do tego doda\u0142 jeszcze pi\u0119kny formularz zapisu do swojego newslettera \ud83d\ude0e:<\/p>\n\n\n\n<figure class=\"wp-block-image aligncenter\"><img decoding=\"async\" src=\"https:\/\/imker.imgus11.com\/public\/\/1bee69f7f4c8bcd7c95e5c8e9df273fb.png?r=1650492739\" alt=\"\"\/><\/figure>\n\n\n\n<hr class=\"wp-block-separator has-alpha-channel-opacity\"\/>\n\n\n\n<h3 class=\"wp-block-heading\">Na zako\u0144czenie<\/h3>\n\n\n\n<p>Opisywane powy\u017cej sytuacje z kana\u0142em na YouTube i fanpage na Facebooku to konkretne flagi ostrzegawcze dla ka\u017cdego Tw\u00f3rcy.<\/p>\n\n\n\n<p>Dlatego pomy\u015bl o serwisach spo\u0142eczno\u015bciowych i ich wykorzystaniu w Twojej dzia\u0142alno\u015bci. Czy nie za bardzo opierasz na nich sw\u00f3j biznes?<\/p>\n\n\n\n<p>Na pewno nie zapominaj o dywersyfikacji \u017ar\u00f3de\u0142 ruchu.<\/p>\n\n\n\n<p>Zawsze buduj swoje miejsce w internecie \u2013 bloga czy stron\u0119 wizyt\u00f3wk\u0119, gdzie gromadzisz swoje archiwum.<\/p>\n\n\n\n<p>Niech osoby, kt\u00f3re tam s\u0105 dowiaduj\u0105 si\u0119 o nowo\u015bciach od Ciebie jako pierwsi (czyli najpierw wy\u015blij sw\u00f3j newsletter, a dopiero p\u00f3\u017aniej pisz to samo na Instagramie czy Twitterze).<\/p>\n\n\n\n<p>Doceniaj tych, kt\u00f3rzy wracaj\u0105 bezpo\u015brednio do Ciebie, a nie na serwis spo\u0142eczno\u015bciowy!<\/p>\n\n\n\n<p>Wed\u0142ug mnie takie dzia\u0142ania nigdy nie wyjd\u0105 \u201ez mody\u201d i nie stan\u0105 si\u0119 prze\u017cytkiem&#8230;<\/p>\n\n\n\n<hr class=\"wp-block-separator has-alpha-channel-opacity\"\/>\n\n\n\n<p>Spodziewaj si\u0119 kolejnych wiadomo\u015bci ode mnie na temat self-publishingu oraz sprzeda\u017cy ksi\u0105\u017cek w Internecie w najbli\u017cszym czasie.<\/p>\n\n\n\n<p>&#8212;<br>Pozdrawiam<br>Krzysztof Bartnik \/ <a href=\"https:\/\/imker.pl\/\" target=\"_blank\" rel=\"noopener\" data-ac-default-color=\"1\"><span class=\"\">imker.pl<\/span><\/a><\/p>\n","protected":false},"excerpt":{"rendered":"<p>Cze\u015b\u0107 ! Kilka miesi\u0119cy temu&#8230; Rozmawia\u0142em z prezesem sp\u00f3\u0142ki IT o tym, \u017ce kiedy\u015b prowadzi\u0142 fajnego bloga. Zapyta\u0142em, czy nie my\u015bla\u0142 o jego kontynuacji, bo na pewno wielu Czytelnik\u00f3w (w tym ni\u017cej podpisany) ch\u0119tnie przeczyta\u0142oby ci\u0105g dalszy. Opowiadana przez niego historia urwa\u0142a si\u0119 bowiem tak w 1\/3&#8230; Nie chcia\u0142. M\u00f3wi\u0142 wprost, \u017ce jego zdaniem blogi [&hellip;]<\/p>\n","protected":false},"author":2,"featured_media":523,"comment_status":"open","ping_status":"open","sticky":false,"template":"","format":"standard","meta":{"_acf_changed":false,"footnotes":""},"categories":[1],"tags":[],"class_list":["post-142","post","type-post","status-publish","format-standard","has-post-thumbnail","hentry","category-archiwum"],"acf":[],"aioseo_notices":[],"_links":{"self":[{"href":"https:\/\/imker.pl\/newsletter\/wp-json\/wp\/v2\/posts\/142","targetHints":{"allow":["GET"]}}],"collection":[{"href":"https:\/\/imker.pl\/newsletter\/wp-json\/wp\/v2\/posts"}],"about":[{"href":"https:\/\/imker.pl\/newsletter\/wp-json\/wp\/v2\/types\/post"}],"author":[{"embeddable":true,"href":"https:\/\/imker.pl\/newsletter\/wp-json\/wp\/v2\/users\/2"}],"replies":[{"embeddable":true,"href":"https:\/\/imker.pl\/newsletter\/wp-json\/wp\/v2\/comments?post=142"}],"version-history":[{"count":10,"href":"https:\/\/imker.pl\/newsletter\/wp-json\/wp\/v2\/posts\/142\/revisions"}],"predecessor-version":[{"id":2357,"href":"https:\/\/imker.pl\/newsletter\/wp-json\/wp\/v2\/posts\/142\/revisions\/2357"}],"wp:featuredmedia":[{"embeddable":true,"href":"https:\/\/imker.pl\/newsletter\/wp-json\/wp\/v2\/media\/523"}],"wp:attachment":[{"href":"https:\/\/imker.pl\/newsletter\/wp-json\/wp\/v2\/media?parent=142"}],"wp:term":[{"taxonomy":"category","embeddable":true,"href":"https:\/\/imker.pl\/newsletter\/wp-json\/wp\/v2\/categories?post=142"},{"taxonomy":"post_tag","embeddable":true,"href":"https:\/\/imker.pl\/newsletter\/wp-json\/wp\/v2\/tags?post=142"}],"curies":[{"name":"wp","href":"https:\/\/api.w.org\/{rel}","templated":true}]}}