{"id":127,"date":"2021-08-31T12:00:25","date_gmt":"2021-08-31T10:00:25","guid":{"rendered":"https:\/\/imker.pl\/newsletter\/?p=127"},"modified":"2025-06-01T13:41:52","modified_gmt":"2025-06-01T11:41:52","slug":"jak-pracujemy-dla-ciebie-wywiad-z-tworca-roku","status":"publish","type":"post","link":"https:\/\/imker.pl\/newsletter\/jak-pracujemy-dla-ciebie-wywiad-z-tworca-roku\/","title":{"rendered":"Jak pracujemy dla Ciebie \ud83d\ude9a + wywiad z Tw\u00f3rc\u0105 Roku!\ud83c\udf99\ufe0f"},"content":{"rendered":"\n<figure class=\"wp-block-image aligncenter\"><img loading=\"lazy\" decoding=\"async\" width=\"660\" height=\"440\" src=\"https:\/\/imker.pl\/newsletter\/wp-content\/uploads\/2021\/08\/newsletter-imker-29-2.png\" alt=\"\" class=\"wp-image-574\" srcset=\"https:\/\/imker.pl\/newsletter\/wp-content\/uploads\/2021\/08\/newsletter-imker-29-2.png 660w, https:\/\/imker.pl\/newsletter\/wp-content\/uploads\/2021\/08\/newsletter-imker-29-2-300x200.png 300w\" sizes=\"auto, (max-width: 660px) 100vw, 660px\" \/><\/figure>\n\n\n\n<p>Cze\u015b\u0107 !<\/p>\n\n\n\n<hr class=\"wp-block-separator has-alpha-channel-opacity\"\/>\n\n\n\n<h2 class=\"wp-block-heading\">Zobacz, jak pracujemy dla Ciebie w IMKER \ud83d\ude9a<\/h2>\n\n\n\n<p>Dzisiaj zapraszam Ci\u0119 do przyjrzenia si\u0119 jednemu z najbardziej &#8222;fizycznych&#8221; aspekt\u00f3w dzia\u0142alno\u015bci <a href=\"https:\/\/imker.pl\/\" target=\"_blank\" rel=\"noopener\" data-ac-default-color=\"1\">IMKER<\/a>, tj. us\u0142ugi <a href=\"https:\/\/imker.pl\/fulfillment\/\" target=\"_blank\" rel=\"noopener\" data-ac-default-color=\"1\">fulfillment<\/a> (magazynowanie, kompletacja, wysy\u0142ka zam\u00f3wie\u0144).<\/p>\n\n\n\n<figure class=\"wp-block-image\"><img decoding=\"async\" src=\"https:\/\/content.app-us1.com\/90YXd\/2021\/08\/31\/ef8a85d3-e5fa-49ab-8f27-62242882f3f5.png?id=5995539?r=1815039720\" alt=\"\"\/><\/figure>\n\n\n\n<p>W <strong>dw\u00f3ch wideo opublikowanych w\u0142a\u015bnie<\/strong> na <a href=\"https:\/\/www.youtube.com\/channel\/UCgnowXx1wfoX0S83efKhy-w\" target=\"_blank\" rel=\"nofollow noopener\" data-ac-default-color=\"1\">YouTube<\/a> pokazujemy, jak wygl\u0105da nasza praca na co dzie\u0144 oraz czego mo\u017cesz si\u0119 spodziewa\u0107, wsp\u00f3\u0142pracuj\u0105c w\u0142a\u015bnie z nami.<\/p>\n\n\n\n<p>Dobrze wiemy, jak zadba\u0107 o Twoje self-publishingowe dzie\u0142o! \ud83d\udcda<\/p>\n\n\n\n<p><a href=\"https:\/\/www.youtube.com\/watch?v=uW33Bhfv94E\" target=\"_blank\" rel=\"nofollow noopener\" data-ac-default-color=\"1\">\u27a1\ufe0f&nbsp; Jak wygl\u0105da przyj\u0119cie dostawy w IMKER i w jaki spos\u00f3b magazynujemy towar? \u00bb<\/a><br>O tym opowiada Marta Kruk, nasza Liderka Zespo\u0142u w Dziale Wysy\u0142ek.<\/p>\n\n\n\n<p><a href=\"https:\/\/www.youtube.com\/watch?v=j0v5oyqohQo\" target=\"_blank\" rel=\"nofollow noopener\" data-ac-default-color=\"1\">\u27a1\ufe0f&nbsp; Jak dzia\u0142a system IMKER od wpadni\u0119cia zam\u00f3wienia do przyjazdu kuriera? \u00bb<\/a><br>Na pytanie odpowiada Joanna Szalczy\u0144ska-Sas, kierowniczka Dzia\u0142u Wysy\u0142ek.<\/p>\n\n\n\n<p>Je\u017celi my\u015blisz o wydaniu ksi\u0105\u017cki i szukasz partnera, kt\u00f3ry zdejmie Ci niemal wszystkie problemy zwi\u0105zane z samodzieln\u0105 obs\u0142ug\u0105 zam\u00f3wie\u0144, <a href=\"https:\/\/imker.pl\/self-publishing\/#kontakt\" target=\"_blank\" rel=\"noopener\" data-ac-default-color=\"1\">trafiasz we w\u0142a\u015bciwe miejsce \ud83d\ude0e<\/a><\/p>\n\n\n\n<div class=\"wp-block-buttons is-layout-flex wp-block-buttons-is-layout-flex\">\n<div class=\"wp-block-button\"><a class=\"wp-block-button__link wp-element-button\" href=\"https:\/\/www.youtube.com\/channel\/UCgnowXx1wfoX0S83efKhy-w\">Obejrzyj wideo IMKER \u00bb<\/a><\/div>\n<\/div>\n\n\n\n<h2 class=\"wp-block-heading\">Nowy wywiad z cyklu Historie Tw\u00f3rc\u00f3w \ud83c\udf99<\/h2>\n\n\n\n<p>W sobot\u0119 21 sierpnia podczas Gali Tw\u00f3rc\u00f3w Influencers LIVE Wroc\u0142aw, Tw\u00f3rc\u0105 Roku 2021 w kategorii lifestyle zosta\u0142 <strong>Mestos\u0142aw<\/strong>.<\/p>\n\n\n\n<p>A my ju\u017c mamy z nim wywiad \ud83d\ude42<\/p>\n\n\n\n<h4 class=\"wp-block-heading\"><a href=\"https:\/\/imker.pl\/blog\/wywiad-z-mestoslawem-imker\/\" target=\"_blank\" rel=\"noopener\" data-ac-default-color=\"1\">\u201eCzasem nie warto kalkulowa\u0107, a wystarczy zastanowi\u0107 si\u0119, co daje najwi\u0119ksz\u0105 przyjemno\u015b\u0107\u201d \u2013 rozmowa z Damianem \u201cMestos\u0142awem\u201d Sobczykiem \u00bb<\/a><\/h4>\n\n\n\n<figure class=\"wp-block-image\"><img decoding=\"async\" src=\"https:\/\/content.app-us1.com\/90YXd\/2021\/08\/31\/174c9b1c-f21b-4303-ba4d-ae9d474683dd.png?id=5995579?r=1800956756\" alt=\"\"\/><\/figure>\n\n\n\n<p>Tak <a href=\"https:\/\/www.youtube.com\/c\/Mestoslaw\" target=\"_blank\" rel=\"nofollow noopener\" data-ac-default-color=\"1\">Mestos\u0142aw<\/a>&nbsp;opowiada o swojej karierze influencera:<\/p>\n\n\n\n<p><em>&#8222;Dosta\u0142em ultimatum, \u017ce albo odchodz\u0119 z pracy, albo zawieszam dzia\u0142alno\u015b\u0107 kana\u0142u, dop\u00f3ki b\u0119d\u0119 pracowa\u0142 w tej firmie. Wybra\u0142em robienie film\u00f3w na YouTube, i dzi\u015b si\u0119 z tego ciesz\u0119. Gdybym podj\u0105\u0142 inn\u0105 decyzj\u0119, to wydaje mi si\u0119, \u017ce do ko\u0144ca \u017cycia zadawa\u0142bym sobie pytanie: co by by\u0142o, wybra\u0142 inn\u0105 drog\u0119&#8221;.<\/em><\/p>\n\n\n\n<p>Wi\u0119cej w wywiadzie &#8211; a link poni\u017cej: \ud83d\ude0e<\/p>\n\n\n\n<div class=\"wp-block-buttons is-layout-flex wp-block-buttons-is-layout-flex\">\n<div class=\"wp-block-button\"><a class=\"wp-block-button__link wp-element-button\" href=\"https:\/\/imker.pl\/blog\/podcast-marcin-myszka-kryminatorium-wywiad\/\">Czytaj wywiad \u00bb<\/a><\/div>\n<\/div>\n\n\n\n<hr class=\"wp-block-separator has-alpha-channel-opacity\"\/>\n\n\n\n<p>Spodziewaj si\u0119 kolejnych wiadomo\u015bci ode mnie na temat self-publishingu oraz sprzeda\u017cy ksi\u0105\u017cek w Internecie w najbli\u017cszym czasie.<\/p>\n\n\n\n<p>&#8212;<br>Pozdrawiam<br>Krzysztof Bartnik \/ <a href=\"https:\/\/imker.pl\/\" target=\"_blank\" rel=\"noopener\" data-ac-default-color=\"1\"><span class=\"\">imker.pl<\/span><\/a><\/p>\n","protected":false},"excerpt":{"rendered":"<p>Cze\u015b\u0107 ! Zobacz, jak pracujemy dla Ciebie w IMKER \ud83d\ude9a Dzisiaj zapraszam Ci\u0119 do przyjrzenia si\u0119 jednemu z najbardziej &#8222;fizycznych&#8221; aspekt\u00f3w dzia\u0142alno\u015bci IMKER, tj. us\u0142ugi fulfillment (magazynowanie, kompletacja, wysy\u0142ka zam\u00f3wie\u0144). W dw\u00f3ch wideo opublikowanych w\u0142a\u015bnie na YouTube pokazujemy, jak wygl\u0105da nasza praca na co dzie\u0144 oraz czego mo\u017cesz si\u0119 spodziewa\u0107, wsp\u00f3\u0142pracuj\u0105c w\u0142a\u015bnie z nami. Dobrze [&hellip;]<\/p>\n","protected":false},"author":2,"featured_media":574,"comment_status":"open","ping_status":"open","sticky":false,"template":"","format":"standard","meta":{"_acf_changed":false,"footnotes":""},"categories":[1],"tags":[],"class_list":["post-127","post","type-post","status-publish","format-standard","has-post-thumbnail","hentry","category-archiwum"],"acf":[],"aioseo_notices":[],"_links":{"self":[{"href":"https:\/\/imker.pl\/newsletter\/wp-json\/wp\/v2\/posts\/127","targetHints":{"allow":["GET"]}}],"collection":[{"href":"https:\/\/imker.pl\/newsletter\/wp-json\/wp\/v2\/posts"}],"about":[{"href":"https:\/\/imker.pl\/newsletter\/wp-json\/wp\/v2\/types\/post"}],"author":[{"embeddable":true,"href":"https:\/\/imker.pl\/newsletter\/wp-json\/wp\/v2\/users\/2"}],"replies":[{"embeddable":true,"href":"https:\/\/imker.pl\/newsletter\/wp-json\/wp\/v2\/comments?post=127"}],"version-history":[{"count":8,"href":"https:\/\/imker.pl\/newsletter\/wp-json\/wp\/v2\/posts\/127\/revisions"}],"predecessor-version":[{"id":2347,"href":"https:\/\/imker.pl\/newsletter\/wp-json\/wp\/v2\/posts\/127\/revisions\/2347"}],"wp:featuredmedia":[{"embeddable":true,"href":"https:\/\/imker.pl\/newsletter\/wp-json\/wp\/v2\/media\/574"}],"wp:attachment":[{"href":"https:\/\/imker.pl\/newsletter\/wp-json\/wp\/v2\/media?parent=127"}],"wp:term":[{"taxonomy":"category","embeddable":true,"href":"https:\/\/imker.pl\/newsletter\/wp-json\/wp\/v2\/categories?post=127"},{"taxonomy":"post_tag","embeddable":true,"href":"https:\/\/imker.pl\/newsletter\/wp-json\/wp\/v2\/tags?post=127"}],"curies":[{"name":"wp","href":"https:\/\/api.w.org\/{rel}","templated":true}]}}