{"id":120,"date":"2021-09-14T12:00:22","date_gmt":"2021-09-14T10:00:22","guid":{"rendered":"https:\/\/imker.pl\/newsletter\/?p=120"},"modified":"2025-06-01T13:40:46","modified_gmt":"2025-06-01T11:40:46","slug":"15-lat-w-branzy-e-commerce-poznaj-moja-historie","status":"publish","type":"post","link":"https:\/\/imker.pl\/newsletter\/15-lat-w-branzy-e-commerce-poznaj-moja-historie\/","title":{"rendered":"15 lat w bran\u017cy e-commerce \ud83c\udf82 Poznaj moj\u0105 histori\u0119!"},"content":{"rendered":"\n<figure class=\"wp-block-image aligncenter\"><img loading=\"lazy\" decoding=\"async\" width=\"660\" height=\"440\" src=\"https:\/\/imker.pl\/newsletter\/wp-content\/uploads\/2021\/09\/newsletter-imker-31-2.png\" alt=\"\" class=\"wp-image-570\" srcset=\"https:\/\/imker.pl\/newsletter\/wp-content\/uploads\/2021\/09\/newsletter-imker-31-2.png 660w, https:\/\/imker.pl\/newsletter\/wp-content\/uploads\/2021\/09\/newsletter-imker-31-2-300x200.png 300w\" sizes=\"auto, (max-width: 660px) 100vw, 660px\" \/><\/figure>\n\n\n\n<p>Cze\u015b\u0107 !<\/p>\n\n\n\n<hr class=\"wp-block-separator has-alpha-channel-opacity\"\/>\n\n\n\n<h2 class=\"wp-block-heading\">13 wrze\u015bnia 2005 roku.<\/h2>\n\n\n\n<p>Tego dnia, 15 lat temu za\u0142o\u017cy\u0142em swoj\u0105 dzia\u0142alno\u015b\u0107.<\/p>\n\n\n\n<p>To by\u0142y zupe\u0142nie inne czasy, ni\u017c teraz.<\/p>\n\n\n\n<p>Nie by\u0142o czego\u015b takiego jak iPhone (<em>czy w og\u00f3le smartphone<\/em>) i zdecydowanie nikt nie m\u00f3wi\u0142, \u017ce ten najbli\u017cszy rok b\u0119dzie na pewno &#8222;rokiem mobile&#8221; (<em>taki bran\u017cowy \u017cart dla wtajemniczonych<\/em>).<\/p>\n\n\n\n<p>Pami\u0119tam \u00f3wczesne komputery i portale internetowe <em>(pracowa\u0142em nawet<\/em><br><em>w jednym z nich).<\/em><\/p>\n\n\n\n<p>Pami\u0119tam swoje pierwsze sklepy internetowe <em>(dwa upad\u0142y&#8230;<\/em>).<\/p>\n\n\n\n<p>Pierwsze obs\u0142u\u017cone zam\u00f3wienia <em>(bezpiecznie dotar\u0142y!<\/em>).<\/p>\n\n\n\n<p>Kolejki na poczcie podczas nadawania paczek <em>(oj tak!<\/em>).<\/p>\n\n\n\n<p>Jeszcze wi\u0119ksze kolejki, kt\u00f3re zawsze ustawia\u0142a si\u0119 za mn\u0105 (<em>a raczej tworzy\u0142y przeze mnie \ud83d\ude00).<\/em><\/p>\n\n\n\n<p>Czy nawet pierwszy mandat z urz\u0119du skarbowego miesi\u0105c po rozpocz\u0119ciu dzia\u0142alno\u015bci&#8230; (<em>bola\u0142o!)<\/em><\/p>\n\n\n\n<p>I pomimo tego, \u017ce <a href=\"https:\/\/imker.pl\/\" target=\"_blank\" rel=\"noopener\" data-ac-default-color=\"1\">IMKER<\/a> to dzisiaj firma z setkami rewelacyjnych klient\u00f3w, kilkudziesi\u0119cioma zaanga\u017cowanymi pracownikami i dziesi\u0105tkami tysi\u0119cy przesy\u0142ek realizowanych miesi\u0119cznie, to zawsze b\u0119d\u0119 pami\u0119ta\u0142, gdzie i jak zacz\u0119\u0142a si\u0119 moja biznesowa przygoda.<\/p>\n\n\n\n<hr class=\"wp-block-separator has-alpha-channel-opacity\"\/>\n\n\n\n<h2 class=\"wp-block-heading\">Dzisiaj wyj\u0105tkowo zapraszam Ciebie do poznania mojej historii.<\/h2>\n\n\n\n<p><a href=\"https:\/\/imker.pl\/blog\/bardzo-bym-chcial-zeby-remigiusz-mroz-zostal-self-publisherem-rozmowa-z-krzysztofem-bartnikiem-zalozycielem-imker\/\" target=\"_blank\" rel=\"noopener\" data-ac-default-color=\"1\">Tutaj<\/a>&nbsp;dowiesz si\u0119 sk\u0105d si\u0119 wzi\u0105\u0142 cz\u0142owiek, kt\u00f3ry co tydzie\u0144 pisze do Ciebie te s\u0142owa. \u270d\ufe0f<\/p>\n\n\n\n<p>I jego zesp\u00f3\u0142, z kt\u00f3rym wsp\u00f3lnie mo\u017ce dla Ciebie odkrywa\u0107 bran\u017ce e-commerce oraz self-publishingu. Je\u017celi tylko zechcesz \ud83d\ude0e<\/p>\n\n\n\n<p>Poznajmy si\u0119 jeszcze lepiej! \ud83e\udd1d<\/p>\n\n\n\n<div class=\"wp-block-buttons is-layout-flex wp-block-buttons-is-layout-flex\">\n<div class=\"wp-block-button\"><a class=\"wp-block-button__link wp-element-button\" href=\"https:\/\/imker.pl\/blog\/bardzo-bym-chcial-zeby-remigiusz-mroz-zostal-self-publisherem-rozmowa-z-krzysztofem-bartnikiem-zalozycielem-imker\/\">&#8222;Bardzo bym chcia\u0142, \u017ceby Remigiusz Mr\u00f3z zosta\u0142 self-publisherem&#8221; \u00bb<\/a><\/div>\n<\/div>\n\n\n\n<p>Spodziewaj si\u0119 kolejnych wiadomo\u015bci ode mnie na temat self-publishingu oraz sprzeda\u017cy ksi\u0105\u017cek w Internecie w najbli\u017cszym czasie.<\/p>\n\n\n\n<p>&#8212;<br>Pozdrawiam<br>Krzysztof Bartnik \/<a href=\"https:\/\/imker.pl\/\" target=\"_blank\" rel=\"noopener\" data-ac-default-color=\"1\"><span class=\"\">imker.pl<\/span><\/a><\/p>\n","protected":false},"excerpt":{"rendered":"<p>Cze\u015b\u0107 ! 13 wrze\u015bnia 2005 roku. Tego dnia, 15 lat temu za\u0142o\u017cy\u0142em swoj\u0105 dzia\u0142alno\u015b\u0107. To by\u0142y zupe\u0142nie inne czasy, ni\u017c teraz. Nie by\u0142o czego\u015b takiego jak iPhone (czy w og\u00f3le smartphone) i zdecydowanie nikt nie m\u00f3wi\u0142, \u017ce ten najbli\u017cszy rok b\u0119dzie na pewno &#8222;rokiem mobile&#8221; (taki bran\u017cowy \u017cart dla wtajemniczonych). Pami\u0119tam \u00f3wczesne komputery i portale [&hellip;]<\/p>\n","protected":false},"author":2,"featured_media":570,"comment_status":"open","ping_status":"open","sticky":false,"template":"","format":"standard","meta":{"_acf_changed":false,"footnotes":""},"categories":[1],"tags":[],"class_list":["post-120","post","type-post","status-publish","format-standard","has-post-thumbnail","hentry","category-archiwum"],"acf":[],"aioseo_notices":[],"_links":{"self":[{"href":"https:\/\/imker.pl\/newsletter\/wp-json\/wp\/v2\/posts\/120","targetHints":{"allow":["GET"]}}],"collection":[{"href":"https:\/\/imker.pl\/newsletter\/wp-json\/wp\/v2\/posts"}],"about":[{"href":"https:\/\/imker.pl\/newsletter\/wp-json\/wp\/v2\/types\/post"}],"author":[{"embeddable":true,"href":"https:\/\/imker.pl\/newsletter\/wp-json\/wp\/v2\/users\/2"}],"replies":[{"embeddable":true,"href":"https:\/\/imker.pl\/newsletter\/wp-json\/wp\/v2\/comments?post=120"}],"version-history":[{"count":7,"href":"https:\/\/imker.pl\/newsletter\/wp-json\/wp\/v2\/posts\/120\/revisions"}],"predecessor-version":[{"id":2344,"href":"https:\/\/imker.pl\/newsletter\/wp-json\/wp\/v2\/posts\/120\/revisions\/2344"}],"wp:featuredmedia":[{"embeddable":true,"href":"https:\/\/imker.pl\/newsletter\/wp-json\/wp\/v2\/media\/570"}],"wp:attachment":[{"href":"https:\/\/imker.pl\/newsletter\/wp-json\/wp\/v2\/media?parent=120"}],"wp:term":[{"taxonomy":"category","embeddable":true,"href":"https:\/\/imker.pl\/newsletter\/wp-json\/wp\/v2\/categories?post=120"},{"taxonomy":"post_tag","embeddable":true,"href":"https:\/\/imker.pl\/newsletter\/wp-json\/wp\/v2\/tags?post=120"}],"curies":[{"name":"wp","href":"https:\/\/api.w.org\/{rel}","templated":true}]}}