{"id":643,"date":"2022-10-27T10:42:30","date_gmt":"2022-10-27T08:42:30","guid":{"rendered":"https:\/\/imker.pl\/biuro-prasowe\/?p=643"},"modified":"2022-12-27T14:00:52","modified_gmt":"2022-12-27T13:00:52","slug":"imker-inwestycja-self-publishing","status":"publish","type":"post","link":"https:\/\/imker.pl\/biuro-prasowe\/imker-inwestycja-self-publishing\/","title":{"rendered":"IMKER, wzmocniony przez inwestora, chce rozp\u0119dzi\u0107 polski self-publishing"},"content":{"rendered":"<p><img loading=\"lazy\" decoding=\"async\" class=\"aligncenter wp-image-657 size-full\" src=\"https:\/\/imker.pl\/biuro-prasowe\/wp-content\/uploads\/2022\/10\/pawel-krzysztof-imker-signing.jpg\" alt=\"\" width=\"1628\" height=\"1026\" srcset=\"https:\/\/imker.pl\/biuro-prasowe\/wp-content\/uploads\/2022\/10\/pawel-krzysztof-imker-signing.jpg 1628w, https:\/\/imker.pl\/biuro-prasowe\/wp-content\/uploads\/2022\/10\/pawel-krzysztof-imker-signing-300x189.jpg 300w, https:\/\/imker.pl\/biuro-prasowe\/wp-content\/uploads\/2022\/10\/pawel-krzysztof-imker-signing-1024x645.jpg 1024w, https:\/\/imker.pl\/biuro-prasowe\/wp-content\/uploads\/2022\/10\/pawel-krzysztof-imker-signing-768x484.jpg 768w, https:\/\/imker.pl\/biuro-prasowe\/wp-content\/uploads\/2022\/10\/pawel-krzysztof-imker-signing-1536x968.jpg 1536w\" sizes=\"auto, (max-width: 1628px) 100vw, 1628px\" \/><\/p>\n<h3>IMKER chce przyczyni\u0107 si\u0119 do wzrost\u00f3w w polskim self-publishingu, udost\u0119pniaj\u0105c autorom narz\u0119dzia do samodzielnego wydania i sprzeda\u017cy ksi\u0105\u017cek. W firm\u0119 zainwestowa\u0142 w\u0142a\u015bnie Pawe\u0142 Fornalski, wsp\u00f3\u0142tw\u00f3rca IAI i IdoSell najwi\u0119kszej platformy sklepowej w Polsce.<\/h3>\n<p>Self-publishing, czyli samodzielne wydawanie i sprzeda\u017c ksi\u0105\u017cek (papierowych czy cyfrowych), z pomini\u0119ciem wydawnictw, niesie dla autor\u00f3w szereg korzy\u015bci. G\u0142\u00f3wn\u0105 z nich jest zysk ze sprzedanej ksi\u0105\u017cki na poziomie ok. 70 proc. zamiast 5-10 proc. oferowanych \u015brednio przez wydawnictwa. Tw\u00f3rca ma te\u017c mo\u017cliwo\u015b\u0107 decydowania o ka\u017cdym elemencie w procesie wydawniczym, takim jak wygl\u0105d i zawarto\u015b\u0107 produktu, jego nak\u0142ad i cena.<\/p>\n<p>To m.in. dlatego coraz wi\u0119cej autor\u00f3w decyduje si\u0119 na self-publishing. W ci\u0105gu ostatnich 5 lat liczba wydanych samodzielnie ksi\u0105\u017cek na \u015bwiecie wzros\u0142a o 264 proc. Wed\u0142ug prognoz, \u015bwiatowy rynek ksi\u0105\u017cek ma rosn\u0105\u0107 1 proc. rocznie (142,33 miliarda dol. w 2022 roku). W tym samym czasie oczekiwania dotycz\u0105ce wzrostu na rynku self-publishingu to a\u017c +17 proc. rocznie.<\/p>\n<h2>Tworzenie zamiast wysy\u0142ania<\/h2>\n<p>IMKER pomaga self-publisherom we wprowadzaniu produkt\u00f3w na rynek, udost\u0119pniaj\u0105c przydatne rozwi\u0105zania &#8211; system SalesCRM do sprzeda\u017cy online, sprzeda\u017cowe landing page&#8217;e, us\u0142ug\u0119 obs\u0142ugi klienta, magazynowanie towaru oraz wysy\u0142k\u0119 paczek. Docelowo planuje u\u0142atwia\u0107 i automatyzowa\u0107 sam proces wydawania ksi\u0105\u017cek &#8211; poprzez narz\u0119dzia umo\u017cliwiaj\u0105ce autorom samodzielny sk\u0142ad i korekt\u0119 oraz nawi\u0105zanie wsp\u00f3\u0142pracy z drukarniami.<\/p>\n<blockquote><p>&#8211; <em>To w\u0142a\u015bnie kwestie logistyczne cz\u0119sto odstraszaj\u0105 autor\u00f3w od self-publishingu. My zdejmujemy z nich ci\u0119\u017car zwi\u0105zany z przechowywaniem nak\u0142adu i wysy\u0142k\u0105 ksi\u0105\u017cek. Dostarczamy te\u017c zaplecze e-commercowe. Pilnujemy, by nasz autorski system do sprzeda\u017cy mia\u0142 wszystkie potrzebne funkcje i integracje, tak, \u017ceby tw\u00f3rca m\u00f3g\u0142 skupi\u0107 si\u0119 na tworzeniu tre\u015bci i promocji w swoich kana\u0142ach, a nie zastanawia\u0142 si\u0119, jak podpi\u0105\u0107 operatora p\u0142atno\u015bci czy kuriera<\/em> &#8211; wylicza Krzysztof Bartnik, prezes i za\u0142o\u017cyciel IMKER.<\/p><\/blockquote>\n<h2>\u0141atwe wydanie ksi\u0105\u017cki<\/h2>\n<p>W 2021 za pomoc\u0105 oprogramowania firmy IMKER sprzedanych zosta\u0142o niemal p\u00f3\u0142 miliona produkt\u00f3w, w tym ponad 170 tys. w formie elektronicznej &#8211; wszystko o \u0142\u0105cznej warto\u015bci 68,5 mln z\u0142. Dane firmy pokazuj\u0105, \u017ce self-publishing w Polsce jest na fali &#8211; IMKER zako\u0144czy\u0142 2021 rok z 10 mln z\u0142 przychod\u00f3w. Potencja\u0142 IMKER dostrzeg\u0142 Pawe\u0142 Fornalski, wsp\u00f3\u0142za\u0142o\u017cyciel IAI (platformy IdoSell do budowy e-sklep\u00f3w), kt\u00f3ry zainwestowa\u0142 w firm\u0119.<\/p>\n<blockquote><p>&#8211; <em>Widz\u0119, jak\u0105 rewolucj\u0119 w biznesie przyni\u00f3s\u0142 e-commerce i media spo\u0142eczno\u015bciowe. Patrz\u0105c na rynek ksi\u0105\u017cki, trudno nie odnie\u015b\u0107 wra\u017cenia, \u017ce i tutaj przyda\u0142by si\u0119 powiew \u015bwie\u017co\u015bci. Self-publishing ma szans\u0119 zmieni\u0107 skostnia\u0142y uk\u0142ad wydawniczy. Dzi\u0119ki IMKER i oferowanym przez firm\u0119 us\u0142ugom i narz\u0119dziom, wydanie w\u0142asnej ksi\u0105\u017cki, mo\u017ce by\u0107 tak \u0142atwe i szybkie jak za\u0142o\u017cenie sklepu internetowego<\/em> &#8211; t\u0142umaczy swoj\u0105 decyzj\u0119 inwestor.<\/p>\n<p>&#8211; <em>Cieszymy si\u0119, \u017ce pozyskali\u015bmy inwestora z do\u015bwiadczeniem, kt\u00f3ry wierzy w to, co robimy i umo\u017cliwia nam dalszy rozw\u00f3j<\/em> &#8211; komentuje Krzysztof Bartnik.<\/p><\/blockquote>\n<h2>W\u0142asna grupa odbiorc\u00f3w to klucz do sukcesu self-publishera<\/h2>\n<p>Ju\u017c teraz grup\u0119 klient\u00f3w IMKER stanowi oko\u0142o 200 autor\u00f3w. Na self-publishing decyduj\u0105 si\u0119 r\u00f3wnie\u017c wydawnictwa butikowe, kt\u00f3re sprzedaj\u0105 swoje tytu\u0142y bezpo\u015brednio do odbiorc\u00f3w we w\u0142asnych kana\u0142ach internetowych. Bo to bezpo\u015bredni kontakt z odbiorcami, dopasowanie produktu do tej grupy i jej zaufanie daj\u0105 autorom przewag\u0119 nad tradycyjnym wydawnictwem.<\/p>\n<blockquote><p>&#8211;<em> Tw\u00f3rcy internetowi decyduj\u0105cy si\u0119 na samodzielne wydanie ksi\u0105\u017cki i jej promocj\u0119 we w\u0142asnych kana\u0142ach, oczywi\u015bcie przemy\u015blan\u0105 i systematyczn\u0105, s\u0105 w stanie sprzeda\u0107 kilkaset, a czasem nawet kilka tysi\u0119cy, egzemplarzy ju\u017c na etapie preorderu, czyli przed wydrukowaniem ksi\u0105\u017cki<\/em> &#8211; podkre\u015bla prezes IMKER.<\/p><\/blockquote>\n<h2>Self-publishing to nie tylko ksi\u0105\u017cki<\/h2>\n<p>IMKER wspiera r\u00f3wnie\u017c tw\u00f3rc\u00f3w tre\u015bci cyfrowych oferuj\u0105c im, opr\u00f3cz systemu do sprzeda\u017cy, platform\u0119 Tresci.online do streamingu tre\u015bci audio (audiobook\u00f3w, podcast\u00f3w), a tak\u017ce platform\u0119 do kurs\u00f3w internetowych.<\/p>\n<blockquote><p>&#8211; <em>Swoj\u0105 ofert\u0119 kierujemy do tw\u00f3rc\u00f3w, kt\u00f3rzy chc\u0105 zarabia\u0107 na tworzonych przez siebie tre\u015bciach i produktach. Za self-publisher\u00f3w uznajemy wi\u0119c nie tylko autor\u00f3w ksi\u0105\u017cek, ale szerzej &#8211; osoby wprowadzaj\u0105ce do sprzeda\u017cy online autorskie produkty &#8211; cyfrowe i fizyczne<\/em> &#8211; t\u0142umaczy prezes IMKER.<\/p><\/blockquote>\n<p>Klienci IMKER sprzedaj\u0105 samodzielnie wydane ksi\u0105\u017cki, e-booki, audiobooki, gry planszowe, kalendarze i planery, kursy online, gad\u017cety. W\u015br\u00f3d korzystaj\u0105cych z us\u0142ug firmy mo\u017cna wymieni\u0107 Micha\u0142a Szafra\u0144skiego, kt\u00f3ry ze swojej ksi\u0105\u017cki #FinNinja uzyska\u0142 po 3 latach 7,6 mln przychodu, staj\u0105c si\u0119 ikon\u0105 selfpublishingu, Joann\u0119 Okuniewsk\u0105, Magd\u0119 Gessler, Dari\u0119 \u0141adoch\u0119, Katarzyn\u0119 Boskack\u0105, Tomasza Ro\u017cka (Nauka.To lubi\u0119), Marcina Iwucia (Finanse Bardzo Osobiste). Znaczna cz\u0119\u015b\u0107 klient\u00f3w firmy to celebryci szukaj\u0105cy sposobu na dywersyfikacj\u0119 przychod\u00f3w oraz influencerzy monetyzuj\u0105cy swoj\u0105 dzia\u0142alno\u015b\u0107 w internecie. Magazyn firmy jest tak cz\u0119sto odwiedzany jest przez osobowo\u015bci internetu i medialnych celebryt\u00f3w, \u017ce doczeka\u0142 si\u0119 w\u0142asnej \u201c\u015bcianki s\u0142aw\u201d.<\/p>\n","protected":false},"excerpt":{"rendered":"<p>IMKER chce przyczyni\u0107 si\u0119 do wzrost\u00f3w w polskim self-publishingu, udost\u0119pniaj\u0105c autorom narz\u0119dzia do samodzielnego wydania i sprzeda\u017cy ksi\u0105\u017cek. W firm\u0119 zainwestowa\u0142 w\u0142a\u015bnie Pawe\u0142 Fornalski, wsp\u00f3\u0142tw\u00f3rca IAI i IdoSell najwi\u0119kszej platformy sklepowej w Polsce. Self-publishing, czyli samodzielne wydawanie i sprzeda\u017c ksi\u0105\u017cek (papierowych czy cyfrowych), z pomini\u0119ciem wydawnictw, niesie dla autor\u00f3w szereg korzy\u015bci. G\u0142\u00f3wn\u0105 z nich jest [&hellip;]<\/p>\n","protected":false},"author":4,"featured_media":657,"comment_status":"open","ping_status":"open","sticky":false,"template":"","format":"standard","meta":{"_acf_changed":false,"footnotes":""},"categories":[1],"tags":[37,38,12],"class_list":["post-643","post","type-post","status-publish","format-standard","has-post-thumbnail","hentry","category-komunikaty-prasowe","tag-imker","tag-inwestycja","tag-self-publishing"],"acf":[],"yoast_head":"<!-- This site is optimized with the Yoast SEO plugin v23.8 - https:\/\/yoast.com\/wordpress\/plugins\/seo\/ -->\n<title>IMKER, wzmocniony przez inwestora, chce rozp\u0119dzi\u0107 polski self-publishing - IMKER biuro prasowe<\/title>\n<meta name=\"description\" content=\"IMKER chce przyczyni\u0107 si\u0119 do wzrost\u00f3w w polskim self-publishingu, udost\u0119pniaj\u0105c autorom narz\u0119dzia do samodzielnego wydania i sprzeda\u017cy ksi\u0105\u017cek. W firm\u0119 zainwestowa\u0142 w\u0142a\u015bnie Pawe\u0142 Fornalski, wsp\u00f3\u0142tw\u00f3rca IAI S.A.\" \/>\n<meta name=\"robots\" content=\"index, follow, max-snippet:-1, max-image-preview:large, max-video-preview:-1\" \/>\n<link rel=\"canonical\" href=\"https:\/\/imker.pl\/biuro-prasowe\/imker-inwestycja-self-publishing\/\" \/>\n<meta property=\"og:locale\" content=\"pl_PL\" \/>\n<meta property=\"og:type\" content=\"article\" \/>\n<meta property=\"og:title\" content=\"IMKER, wzmocniony przez inwestora, chce rozp\u0119dzi\u0107 polski self-publishing - IMKER biuro prasowe\" \/>\n<meta property=\"og:description\" content=\"IMKER chce przyczyni\u0107 si\u0119 do wzrost\u00f3w w polskim self-publishingu, udost\u0119pniaj\u0105c autorom narz\u0119dzia do samodzielnego wydania i sprzeda\u017cy ksi\u0105\u017cek. W firm\u0119 zainwestowa\u0142 w\u0142a\u015bnie Pawe\u0142 Fornalski, wsp\u00f3\u0142tw\u00f3rca IAI S.A.\" \/>\n<meta property=\"og:url\" content=\"https:\/\/imker.pl\/biuro-prasowe\/imker-inwestycja-self-publishing\/\" \/>\n<meta property=\"og:site_name\" content=\"IMKER biuro prasowe\" \/>\n<meta property=\"article:published_time\" content=\"2022-10-27T08:42:30+00:00\" \/>\n<meta property=\"article:modified_time\" content=\"2022-12-27T13:00:52+00:00\" \/>\n<meta property=\"og:image\" content=\"https:\/\/imker.pl\/biuro-prasowe\/wp-content\/uploads\/2022\/10\/pawel-krzysztof-imker-signing.jpg\" \/>\n\t<meta property=\"og:image:width\" content=\"1628\" \/>\n\t<meta property=\"og:image:height\" content=\"1026\" \/>\n\t<meta property=\"og:image:type\" content=\"image\/jpeg\" \/>\n<meta name=\"author\" content=\"IMKER\" \/>\n<meta name=\"twitter:card\" content=\"summary_large_image\" \/>\n<meta name=\"twitter:label1\" content=\"Napisane przez\" \/>\n\t<meta name=\"twitter:data1\" content=\"IMKER\" \/>\n\t<meta name=\"twitter:label2\" content=\"Szacowany czas czytania\" \/>\n\t<meta name=\"twitter:data2\" content=\"5 minut\" \/>\n<script type=\"application\/ld+json\" class=\"yoast-schema-graph\">{\"@context\":\"https:\/\/schema.org\",\"@graph\":[{\"@type\":\"WebPage\",\"@id\":\"https:\/\/imker.pl\/biuro-prasowe\/imker-inwestycja-self-publishing\/\",\"url\":\"https:\/\/imker.pl\/biuro-prasowe\/imker-inwestycja-self-publishing\/\",\"name\":\"IMKER, wzmocniony przez inwestora, chce rozp\u0119dzi\u0107 polski self-publishing - IMKER biuro prasowe\",\"isPartOf\":{\"@id\":\"https:\/\/imker.pl\/biuro-prasowe\/#website\"},\"primaryImageOfPage\":{\"@id\":\"https:\/\/imker.pl\/biuro-prasowe\/imker-inwestycja-self-publishing\/#primaryimage\"},\"image\":{\"@id\":\"https:\/\/imker.pl\/biuro-prasowe\/imker-inwestycja-self-publishing\/#primaryimage\"},\"thumbnailUrl\":\"https:\/\/imker.pl\/biuro-prasowe\/wp-content\/uploads\/2022\/10\/pawel-krzysztof-imker-signing.jpg\",\"datePublished\":\"2022-10-27T08:42:30+00:00\",\"dateModified\":\"2022-12-27T13:00:52+00:00\",\"author\":{\"@id\":\"https:\/\/imker.pl\/biuro-prasowe\/#\/schema\/person\/f5c946baf4146c6fdbc3b5efc9e25c96\"},\"description\":\"IMKER chce przyczyni\u0107 si\u0119 do wzrost\u00f3w w polskim self-publishingu, udost\u0119pniaj\u0105c autorom narz\u0119dzia do samodzielnego wydania i sprzeda\u017cy ksi\u0105\u017cek. W firm\u0119 zainwestowa\u0142 w\u0142a\u015bnie Pawe\u0142 Fornalski, wsp\u00f3\u0142tw\u00f3rca IAI S.A.\",\"breadcrumb\":{\"@id\":\"https:\/\/imker.pl\/biuro-prasowe\/imker-inwestycja-self-publishing\/#breadcrumb\"},\"inLanguage\":\"pl-PL\",\"potentialAction\":[{\"@type\":\"ReadAction\",\"target\":[\"https:\/\/imker.pl\/biuro-prasowe\/imker-inwestycja-self-publishing\/\"]}]},{\"@type\":\"ImageObject\",\"inLanguage\":\"pl-PL\",\"@id\":\"https:\/\/imker.pl\/biuro-prasowe\/imker-inwestycja-self-publishing\/#primaryimage\",\"url\":\"https:\/\/imker.pl\/biuro-prasowe\/wp-content\/uploads\/2022\/10\/pawel-krzysztof-imker-signing.jpg\",\"contentUrl\":\"https:\/\/imker.pl\/biuro-prasowe\/wp-content\/uploads\/2022\/10\/pawel-krzysztof-imker-signing.jpg\",\"width\":1628,\"height\":1026},{\"@type\":\"BreadcrumbList\",\"@id\":\"https:\/\/imker.pl\/biuro-prasowe\/imker-inwestycja-self-publishing\/#breadcrumb\",\"itemListElement\":[{\"@type\":\"ListItem\",\"position\":1,\"name\":\"Strona g\u0142\u00f3wna\",\"item\":\"https:\/\/imker.pl\/biuro-prasowe\/\"},{\"@type\":\"ListItem\",\"position\":2,\"name\":\"IMKER, wzmocniony przez inwestora, chce rozp\u0119dzi\u0107 polski self-publishing\"}]},{\"@type\":\"WebSite\",\"@id\":\"https:\/\/imker.pl\/biuro-prasowe\/#website\",\"url\":\"https:\/\/imker.pl\/biuro-prasowe\/\",\"name\":\"IMKER biuro prasowe\",\"description\":\"Informacje dla medi&oacute;w\",\"potentialAction\":[{\"@type\":\"SearchAction\",\"target\":{\"@type\":\"EntryPoint\",\"urlTemplate\":\"https:\/\/imker.pl\/biuro-prasowe\/?s={search_term_string}\"},\"query-input\":{\"@type\":\"PropertyValueSpecification\",\"valueRequired\":true,\"valueName\":\"search_term_string\"}}],\"inLanguage\":\"pl-PL\"},{\"@type\":\"Person\",\"@id\":\"https:\/\/imker.pl\/biuro-prasowe\/#\/schema\/person\/f5c946baf4146c6fdbc3b5efc9e25c96\",\"name\":\"IMKER\",\"image\":{\"@type\":\"ImageObject\",\"inLanguage\":\"pl-PL\",\"@id\":\"https:\/\/imker.pl\/biuro-prasowe\/#\/schema\/person\/image\/\",\"url\":\"https:\/\/secure.gravatar.com\/avatar\/f7e698aca36f5963bec5c3dfe20eaf33?s=96&d=mm&r=g\",\"contentUrl\":\"https:\/\/secure.gravatar.com\/avatar\/f7e698aca36f5963bec5c3dfe20eaf33?s=96&d=mm&r=g\",\"caption\":\"IMKER\"},\"description\":\"Firma IMKER od 2015 roku wspiera tw\u00f3rc\u00f3w i producent\u00f3w we wprowadzaniu w\u0142asnych produkt\u00f3w na rynek. Wyr\u00f3\u017cnia si\u0119 kompleksowo\u015bci\u0105 us\u0142ug - oferuj\u0105c m.in. doradztwo, us\u0142ugi fulfillment, support (obs\u0142uga klienta) oraz SalesCRM (oprogramowanie do sprzeda\u017cy). IMKER prowadzi Tw\u00f3rc\u00f3w przez ca\u0142o\u015b\u0107 proces\u00f3w zwi\u0105zanych ze sprzeda\u017c\u0105 w internecie, od uruchomienia sprzeda\u017cy, poprzez przedsprzeda\u017c, magazynowanie, pakowanie i wysy\u0142k\u0119, a\u017c do profesjonalnej obs\u0142ugi klienta i zwrot\u00f3w.\",\"sameAs\":[\"http:\/\/www.imker.pl\/\"],\"url\":\"https:\/\/imker.pl\/biuro-prasowe\/author\/imker-pr\/\"}]}<\/script>\n<!-- \/ Yoast SEO plugin. -->","yoast_head_json":{"title":"IMKER, wzmocniony przez inwestora, chce rozp\u0119dzi\u0107 polski self-publishing - IMKER biuro prasowe","description":"IMKER chce przyczyni\u0107 si\u0119 do wzrost\u00f3w w polskim self-publishingu, udost\u0119pniaj\u0105c autorom narz\u0119dzia do samodzielnego wydania i sprzeda\u017cy ksi\u0105\u017cek. W firm\u0119 zainwestowa\u0142 w\u0142a\u015bnie Pawe\u0142 Fornalski, wsp\u00f3\u0142tw\u00f3rca IAI S.A.","robots":{"index":"index","follow":"follow","max-snippet":"max-snippet:-1","max-image-preview":"max-image-preview:large","max-video-preview":"max-video-preview:-1"},"canonical":"https:\/\/imker.pl\/biuro-prasowe\/imker-inwestycja-self-publishing\/","og_locale":"pl_PL","og_type":"article","og_title":"IMKER, wzmocniony przez inwestora, chce rozp\u0119dzi\u0107 polski self-publishing - IMKER biuro prasowe","og_description":"IMKER chce przyczyni\u0107 si\u0119 do wzrost\u00f3w w polskim self-publishingu, udost\u0119pniaj\u0105c autorom narz\u0119dzia do samodzielnego wydania i sprzeda\u017cy ksi\u0105\u017cek. W firm\u0119 zainwestowa\u0142 w\u0142a\u015bnie Pawe\u0142 Fornalski, wsp\u00f3\u0142tw\u00f3rca IAI S.A.","og_url":"https:\/\/imker.pl\/biuro-prasowe\/imker-inwestycja-self-publishing\/","og_site_name":"IMKER biuro prasowe","article_published_time":"2022-10-27T08:42:30+00:00","article_modified_time":"2022-12-27T13:00:52+00:00","og_image":[{"width":1628,"height":1026,"url":"https:\/\/imker.pl\/biuro-prasowe\/wp-content\/uploads\/2022\/10\/pawel-krzysztof-imker-signing.jpg","type":"image\/jpeg"}],"author":"IMKER","twitter_card":"summary_large_image","twitter_misc":{"Napisane przez":"IMKER","Szacowany czas czytania":"5 minut"},"schema":{"@context":"https:\/\/schema.org","@graph":[{"@type":"WebPage","@id":"https:\/\/imker.pl\/biuro-prasowe\/imker-inwestycja-self-publishing\/","url":"https:\/\/imker.pl\/biuro-prasowe\/imker-inwestycja-self-publishing\/","name":"IMKER, wzmocniony przez inwestora, chce rozp\u0119dzi\u0107 polski self-publishing - IMKER biuro prasowe","isPartOf":{"@id":"https:\/\/imker.pl\/biuro-prasowe\/#website"},"primaryImageOfPage":{"@id":"https:\/\/imker.pl\/biuro-prasowe\/imker-inwestycja-self-publishing\/#primaryimage"},"image":{"@id":"https:\/\/imker.pl\/biuro-prasowe\/imker-inwestycja-self-publishing\/#primaryimage"},"thumbnailUrl":"https:\/\/imker.pl\/biuro-prasowe\/wp-content\/uploads\/2022\/10\/pawel-krzysztof-imker-signing.jpg","datePublished":"2022-10-27T08:42:30+00:00","dateModified":"2022-12-27T13:00:52+00:00","author":{"@id":"https:\/\/imker.pl\/biuro-prasowe\/#\/schema\/person\/f5c946baf4146c6fdbc3b5efc9e25c96"},"description":"IMKER chce przyczyni\u0107 si\u0119 do wzrost\u00f3w w polskim self-publishingu, udost\u0119pniaj\u0105c autorom narz\u0119dzia do samodzielnego wydania i sprzeda\u017cy ksi\u0105\u017cek. W firm\u0119 zainwestowa\u0142 w\u0142a\u015bnie Pawe\u0142 Fornalski, wsp\u00f3\u0142tw\u00f3rca IAI S.A.","breadcrumb":{"@id":"https:\/\/imker.pl\/biuro-prasowe\/imker-inwestycja-self-publishing\/#breadcrumb"},"inLanguage":"pl-PL","potentialAction":[{"@type":"ReadAction","target":["https:\/\/imker.pl\/biuro-prasowe\/imker-inwestycja-self-publishing\/"]}]},{"@type":"ImageObject","inLanguage":"pl-PL","@id":"https:\/\/imker.pl\/biuro-prasowe\/imker-inwestycja-self-publishing\/#primaryimage","url":"https:\/\/imker.pl\/biuro-prasowe\/wp-content\/uploads\/2022\/10\/pawel-krzysztof-imker-signing.jpg","contentUrl":"https:\/\/imker.pl\/biuro-prasowe\/wp-content\/uploads\/2022\/10\/pawel-krzysztof-imker-signing.jpg","width":1628,"height":1026},{"@type":"BreadcrumbList","@id":"https:\/\/imker.pl\/biuro-prasowe\/imker-inwestycja-self-publishing\/#breadcrumb","itemListElement":[{"@type":"ListItem","position":1,"name":"Strona g\u0142\u00f3wna","item":"https:\/\/imker.pl\/biuro-prasowe\/"},{"@type":"ListItem","position":2,"name":"IMKER, wzmocniony przez inwestora, chce rozp\u0119dzi\u0107 polski self-publishing"}]},{"@type":"WebSite","@id":"https:\/\/imker.pl\/biuro-prasowe\/#website","url":"https:\/\/imker.pl\/biuro-prasowe\/","name":"IMKER biuro prasowe","description":"Informacje dla medi&oacute;w","potentialAction":[{"@type":"SearchAction","target":{"@type":"EntryPoint","urlTemplate":"https:\/\/imker.pl\/biuro-prasowe\/?s={search_term_string}"},"query-input":{"@type":"PropertyValueSpecification","valueRequired":true,"valueName":"search_term_string"}}],"inLanguage":"pl-PL"},{"@type":"Person","@id":"https:\/\/imker.pl\/biuro-prasowe\/#\/schema\/person\/f5c946baf4146c6fdbc3b5efc9e25c96","name":"IMKER","image":{"@type":"ImageObject","inLanguage":"pl-PL","@id":"https:\/\/imker.pl\/biuro-prasowe\/#\/schema\/person\/image\/","url":"https:\/\/secure.gravatar.com\/avatar\/f7e698aca36f5963bec5c3dfe20eaf33?s=96&d=mm&r=g","contentUrl":"https:\/\/secure.gravatar.com\/avatar\/f7e698aca36f5963bec5c3dfe20eaf33?s=96&d=mm&r=g","caption":"IMKER"},"description":"Firma IMKER od 2015 roku wspiera tw\u00f3rc\u00f3w i producent\u00f3w we wprowadzaniu w\u0142asnych produkt\u00f3w na rynek. Wyr\u00f3\u017cnia si\u0119 kompleksowo\u015bci\u0105 us\u0142ug - oferuj\u0105c m.in. doradztwo, us\u0142ugi fulfillment, support (obs\u0142uga klienta) oraz SalesCRM (oprogramowanie do sprzeda\u017cy). IMKER prowadzi Tw\u00f3rc\u00f3w przez ca\u0142o\u015b\u0107 proces\u00f3w zwi\u0105zanych ze sprzeda\u017c\u0105 w internecie, od uruchomienia sprzeda\u017cy, poprzez przedsprzeda\u017c, magazynowanie, pakowanie i wysy\u0142k\u0119, a\u017c do profesjonalnej obs\u0142ugi klienta i zwrot\u00f3w.","sameAs":["http:\/\/www.imker.pl\/"],"url":"https:\/\/imker.pl\/biuro-prasowe\/author\/imker-pr\/"}]}},"_links":{"self":[{"href":"https:\/\/imker.pl\/biuro-prasowe\/wp-json\/wp\/v2\/posts\/643","targetHints":{"allow":["GET"]}}],"collection":[{"href":"https:\/\/imker.pl\/biuro-prasowe\/wp-json\/wp\/v2\/posts"}],"about":[{"href":"https:\/\/imker.pl\/biuro-prasowe\/wp-json\/wp\/v2\/types\/post"}],"author":[{"embeddable":true,"href":"https:\/\/imker.pl\/biuro-prasowe\/wp-json\/wp\/v2\/users\/4"}],"replies":[{"embeddable":true,"href":"https:\/\/imker.pl\/biuro-prasowe\/wp-json\/wp\/v2\/comments?post=643"}],"version-history":[{"count":6,"href":"https:\/\/imker.pl\/biuro-prasowe\/wp-json\/wp\/v2\/posts\/643\/revisions"}],"predecessor-version":[{"id":660,"href":"https:\/\/imker.pl\/biuro-prasowe\/wp-json\/wp\/v2\/posts\/643\/revisions\/660"}],"wp:featuredmedia":[{"embeddable":true,"href":"https:\/\/imker.pl\/biuro-prasowe\/wp-json\/wp\/v2\/media\/657"}],"wp:attachment":[{"href":"https:\/\/imker.pl\/biuro-prasowe\/wp-json\/wp\/v2\/media?parent=643"}],"wp:term":[{"taxonomy":"category","embeddable":true,"href":"https:\/\/imker.pl\/biuro-prasowe\/wp-json\/wp\/v2\/categories?post=643"},{"taxonomy":"post_tag","embeddable":true,"href":"https:\/\/imker.pl\/biuro-prasowe\/wp-json\/wp\/v2\/tags?post=643"}],"curies":[{"name":"wp","href":"https:\/\/api.w.org\/{rel}","templated":true}]}}